{"id":35408,"date":"2021-11-10T15:02:30","date_gmt":"2021-11-10T18:02:30","guid":{"rendered":"https:\/\/grupotiempodigital.com.ar\/?p=35408"},"modified":"2021-11-10T15:03:48","modified_gmt":"2021-11-10T18:03:48","slug":"fue-creada-la-superintendencia-de-seguridad-region-capital-ii","status":"publish","type":"post","link":"https:\/\/grupotiempodigital.com.ar\/?p=35408","title":{"rendered":"General Paz es integrante: Fue creada la \u00abSuperintendencia de Seguridad Regi\u00f3n Capital II\u00bb"},"content":{"rendered":"<p>El d\u00eda de ayer fue creada por disposici\u00f3n del Ministerio de Seguridad Bonaerense, con asiento en la ciudad de Ca\u00f1uelas, la \u201cSuperintendencia de Seguridad Regi\u00f3n Capital II\u201d, la cual ser\u00e1 comandada por el Comisario Mayor Luis Humberto Castillo, desde donde se coordinaran todos los trabajos, quedando conformada de la siguiente manera:<strong> Partido de Ca\u00f1uelas, Partido de Punta Indio, Magdalena, Coronel Brandsen, General Paz, General Belgrano, San Miguel del Monte, Lobos, San Vicente y Presidente Per\u00f3n.<\/strong><\/p>\n<p>Esto se debe a desdoblamiento ordenado, convirti\u00e9ndola en dos regiones mientras que a \u201cSuperintendencia de Seguridad Regi\u00f3n Capital I\u201d, abarcar\u00e1 las ciudades de La Plata, Berisso y Ensenada.<\/p>\n<p>El acto de la presentaci\u00f3n del flamante Jefe, se llev\u00f3 a cabo en el Polo de Seguridad de dicha localidad, contando con la presencia del Subjefe de Polic\u00eda, el Comisario General Jorge Oscar Figini.<\/p>\n","protected":false},"excerpt":{"rendered":"<p>El d\u00eda de ayer fue creada por disposici\u00f3n del Ministerio de Seguridad Bonaerense, con asiento en la ciudad de Ca\u00f1uelas,<\/p>\n","protected":false},"author":3,"featured_media":35410,"comment_status":"open","ping_status":"open","sticky":false,"template":"","format":"standard","meta":{"colormag_page_container_layout":"default_layout","colormag_page_sidebar_layout":"default_layout","footnotes":""},"categories":[1],"tags":[],"class_list":["post-35408","post","type-post","status-publish","format-standard","has-post-thumbnail","hentry","category-actualidad"],"_links":{"self":[{"href":"https:\/\/grupotiempodigital.com.ar\/index.php?rest_route=\/wp\/v2\/posts\/35408","targetHints":{"allow":["GET"]}}],"collection":[{"href":"https:\/\/grupotiempodigital.com.ar\/index.php?rest_route=\/wp\/v2\/posts"}],"about":[{"href":"https:\/\/grupotiempodigital.com.ar\/index.php?rest_route=\/wp\/v2\/types\/post"}],"author":[{"embeddable":true,"href":"https:\/\/grupotiempodigital.com.ar\/index.php?rest_route=\/wp\/v2\/users\/3"}],"replies":[{"embeddable":true,"href":"https:\/\/grupotiempodigital.com.ar\/index.php?rest_route=%2Fwp%2Fv2%2Fcomments&post=35408"}],"version-history":[{"count":3,"href":"https:\/\/grupotiempodigital.com.ar\/index.php?rest_route=\/wp\/v2\/posts\/35408\/revisions"}],"predecessor-version":[{"id":35412,"href":"https:\/\/grupotiempodigital.com.ar\/index.php?rest_route=\/wp\/v2\/posts\/35408\/revisions\/35412"}],"wp:featuredmedia":[{"embeddable":true,"href":"https:\/\/grupotiempodigital.com.ar\/index.php?rest_route=\/wp\/v2\/media\/35410"}],"wp:attachment":[{"href":"https:\/\/grupotiempodigital.com.ar\/index.php?rest_route=%2Fwp%2Fv2%2Fmedia&parent=35408"}],"wp:term":[{"taxonomy":"category","embeddable":true,"href":"https:\/\/grupotiempodigital.com.ar\/index.php?rest_route=%2Fwp%2Fv2%2Fcategories&post=35408"},{"taxonomy":"post_tag","embeddable":true,"href":"https:\/\/grupotiempodigital.com.ar\/index.php?rest_route=%2Fwp%2Fv2%2Ftags&post=35408"}],"curies":[{"name":"wp","href":"https:\/\/api.w.org\/{rel}","templated":true}]}}