{"id":35403,"date":"2021-11-10T11:29:32","date_gmt":"2021-11-10T14:29:32","guid":{"rendered":"https:\/\/grupotiempodigital.com.ar\/?p=35403"},"modified":"2021-11-10T11:29:32","modified_gmt":"2021-11-10T14:29:32","slug":"informa-secretaria-de-asuntos-docentes-de-general-paz-2","status":"publish","type":"post","link":"https:\/\/grupotiempodigital.com.ar\/?p=35403","title":{"rendered":"Informa Secretaria de Asuntos Docentes de General Paz"},"content":{"rendered":"<p>Secretaria de Asuntos Docentes de GENERAL PAZ, por solicitud del <strong>Instituto Superior de Formaci\u00f3n Docente y T\u00e9cnica N\u00b0 212<\/strong>, en el marco de la <strong>Resoluci\u00f3n N<\/strong><strong>\u00b0 5886\/03<\/strong>, realiza la convocatoria de los aspirantes para la cobertura de Materias que se detalla a continuaci\u00f3n:<\/p>\n<p><strong><u>Se confeccionar\u00e1 un Listado Interno por orden de m\u00e9rito con los proyectos aprobados y el mismo se utilizar\u00e1 durante dos (2) a\u00f1os, para cubrir Provisionalidades y Suplencias.<\/u><\/strong><\/p>\n<p><strong><u>CARRERA<\/u><\/strong>: Profesorado de Educaci\u00f3n Primaria<strong>\u00a0\u00a0\u00a0\u00a0\u00a0\u00a0\u00a0\u00a0\u00a0\u00a0\u00a0\u00a0\u00a0\u00a0\u00a0\u00a0\u00a0\u00a0\u00a0\u00a0\u00a0\u00a0\u00a0\u00a0\u00a0\u00a0 <u>A\u00d1O<\/u>: 2\u00b0<\/strong><\/p>\n<p><strong><u>Res<\/u><\/strong><strong>. <u>N\u00b0<\/u>: 4154\/07<\/strong><\/p>\n<p><strong><u>Materia:<\/u><\/strong> Did\u00e1ctica de Cs. Naturales I<\/p>\n<p><strong><u>Carga horaria:<\/u><\/strong> 2 Mod. M\u00e1s 1 Mod. TAIN<\/p>\n<p><strong>SITUACI\u00d3N DE REVISTA<\/strong>: Provisional.<\/p>\n<p><strong>CONFORMACI\u00d3N DE LA COMISI\u00d3N EVALUADORA:<\/strong><\/p>\n<p><u>Miembros titulares:<\/u><\/p>\n<p>Directivo: Romina Bozzano<\/p>\n<p>CAI: Bordenave, Florencia \/ Castro, Jesica<\/p>\n<p>Especialistas: 1) Capriglioni, Ver\u00f3nica 2) Manzoni, Gisela 3) Luberto, Romina 4) Giansetto, Natalia 5) Garc\u00eda, Marcelo 6) Ciafardini, Eugenia<\/p>\n<p><u>Miembros suplentes:<\/u><\/p>\n<p>Directivo: Faga, Eva<\/p>\n<p>CAI: Blanco, Elizabeth<\/p>\n<p>Especialistas: 1) Villafa\u00f1e, Gisela 2) Tarquini, Romina 3) Carrizo, Carolina 4) Bidondo, Emiliano 5) Tarquino, Anal\u00eda 6) Marisol Gonz\u00e1lez<\/p>\n<p><strong>LUGAR DE INSCRIPCI\u00d3N:<\/strong> Centuri\u00f3n 3220<\/p>\n<p><strong>HORARIO DE INSCRIPCI\u00d3N:<\/strong><em><u> 18 a 20 hs<\/u><\/em><\/p>\n<p><strong>CRONOGRAMA TENTATIVO PREVISTO:<\/strong><\/p>\n<p><u>Difusi\u00f3n: <\/u>\u00a0\u00a0desde 5\/11\/21 hasta el 14\/11\/21 (diez d\u00edas corridos)<\/p>\n<p><u>Inscripci\u00f3n:<\/u>\u00a0\u00a0 15\/11 al 17\/11\/21 (tres d\u00edas h\u00e1biles subsiguientes a la difusi\u00f3n).<\/p>\n<p>Fecha de entrevista: <strong>A confirmar (puede ser virtual)<\/strong><\/p>\n<p><strong>Toma de Posesi\u00f3n: finalizadas la instancia de entrevista.<\/strong><\/p>\n<p>&nbsp;<\/p>\n<p>&nbsp;<\/p>\n","protected":false},"excerpt":{"rendered":"<p>Secretaria de Asuntos Docentes de GENERAL PAZ, por solicitud del Instituto Superior de Formaci\u00f3n Docente y T\u00e9cnica N\u00b0 212, en<\/p>\n","protected":false},"author":3,"featured_media":20488,"comment_status":"open","ping_status":"open","sticky":false,"template":"","format":"standard","meta":{"colormag_page_container_layout":"default_layout","colormag_page_sidebar_layout":"default_layout","footnotes":""},"categories":[1],"tags":[],"class_list":["post-35403","post","type-post","status-publish","format-standard","has-post-thumbnail","hentry","category-actualidad"],"_links":{"self":[{"href":"https:\/\/grupotiempodigital.com.ar\/index.php?rest_route=\/wp\/v2\/posts\/35403","targetHints":{"allow":["GET"]}}],"collection":[{"href":"https:\/\/grupotiempodigital.com.ar\/index.php?rest_route=\/wp\/v2\/posts"}],"about":[{"href":"https:\/\/grupotiempodigital.com.ar\/index.php?rest_route=\/wp\/v2\/types\/post"}],"author":[{"embeddable":true,"href":"https:\/\/grupotiempodigital.com.ar\/index.php?rest_route=\/wp\/v2\/users\/3"}],"replies":[{"embeddable":true,"href":"https:\/\/grupotiempodigital.com.ar\/index.php?rest_route=%2Fwp%2Fv2%2Fcomments&post=35403"}],"version-history":[{"count":2,"href":"https:\/\/grupotiempodigital.com.ar\/index.php?rest_route=\/wp\/v2\/posts\/35403\/revisions"}],"predecessor-version":[{"id":35405,"href":"https:\/\/grupotiempodigital.com.ar\/index.php?rest_route=\/wp\/v2\/posts\/35403\/revisions\/35405"}],"wp:featuredmedia":[{"embeddable":true,"href":"https:\/\/grupotiempodigital.com.ar\/index.php?rest_route=\/wp\/v2\/media\/20488"}],"wp:attachment":[{"href":"https:\/\/grupotiempodigital.com.ar\/index.php?rest_route=%2Fwp%2Fv2%2Fmedia&parent=35403"}],"wp:term":[{"taxonomy":"category","embeddable":true,"href":"https:\/\/grupotiempodigital.com.ar\/index.php?rest_route=%2Fwp%2Fv2%2Fcategories&post=35403"},{"taxonomy":"post_tag","embeddable":true,"href":"https:\/\/grupotiempodigital.com.ar\/index.php?rest_route=%2Fwp%2Fv2%2Ftags&post=35403"}],"curies":[{"name":"wp","href":"https:\/\/api.w.org\/{rel}","templated":true}]}}