{"id":35400,"date":"2021-11-10T08:00:20","date_gmt":"2021-11-10T11:00:20","guid":{"rendered":"https:\/\/grupotiempodigital.com.ar\/?p=35400"},"modified":"2021-11-10T08:00:20","modified_gmt":"2021-11-10T11:00:20","slug":"informa-anses-calendarios-de-pago-de-hoy-miercoles-10-de-noviembre","status":"publish","type":"post","link":"https:\/\/grupotiempodigital.com.ar\/?p=35400","title":{"rendered":"Informa ANSES: CALENDARIOS DE PAGO DE HOY MI\u00c9RCOLES 10 DE NOVIEMBRE"},"content":{"rendered":"<h3 class=\"yiv2707483126MsoNormal\"><b>Jubilaciones\u00a0y\u00a0pensiones\u00a0<\/b><\/h3>\n<p class=\"yiv2707483126MsoNormal\">Las sucursales bancarias habilitadas atender\u00e1n por ventanilla a jubilados, jubiladas, pensionados y pensionadas con documentos terminados en\u00a0<b>2\u00a0<\/b>cuyos<b>\u00a0haberes NO SUPEREN la suma de 29.135 pesos<\/b>.<\/p>\n<h3 class=\"yiv2707483126MsoNormal\"><b>Asignaci\u00f3n Universal por Hijo y Asignaci\u00f3n Familiar por Hijo<\/b><\/h3>\n<p class=\"yiv2707483126MsoNormal\">Con la utilizaci\u00f3n de la tarjeta de d\u00e9bito, hoy perciben la Asignaci\u00f3n Universal por Hijo y la Asignaci\u00f3n Familiar por Hijo titulares con documentos concluidos en\u00a0<b>2<\/b>.<\/p>\n<h3 class=\"yiv2707483126MsoNormal\"><b>Asignaci\u00f3n por Embarazo<\/b><\/h3>\n<p class=\"yiv2707483126MsoNormal\">Con la utilizaci\u00f3n de la tarjeta de d\u00e9bito, hoy cobran la Asignaci\u00f3n por Embarazo las titulares con documentos finalizados en\u00a0<b>0<\/b>.<b><\/b><\/p>\n<h3 class=\"yiv2707483126MsoNormal\"><b>Asignaciones por\u00a0Prenatal\u00a0y por Maternidad<\/b><\/h3>\n<p class=\"yiv2707483126MsoNormal\">Las titulares de la Asignaci\u00f3n por\u00a0Prenatal\u00a0y Asignaci\u00f3n por Maternidad con documentos terminados en\u00a0<b>0\u00a0<\/b>y<b>\u00a01<\/b>\u00a0perciben hoy su prestaci\u00f3n.<\/p>\n<h3 class=\"yiv2707483126MsoNormal\"><b>Programa Alimentar<\/b><\/h3>\n<p class=\"yiv2707483126MsoNormal\">A partir de este mes, el programa Alimentar se deposita en la misma cuenta que la AUH. Esta unificaci\u00f3n permite una mejor organizaci\u00f3n y da mayor previsibilidad a las familias que ahora podr\u00e1n buscar la mejor calidad y el mejor precio de sus alimentos. Hoy cobran titulares con documentos concluidos en <b>2<\/b>.<\/p>\n<h3 class=\"yiv2707483126MsoNormal\"><b>Programa Hogar<\/b><\/h3>\n<p class=\"yiv2707483126MsoNormal\">ANSES y la Secretar\u00eda de Energ\u00eda impulsan en conjunto el Programa Hogar, mediante el cual se otorga un subsidio para la compra de garrafas en viviendas que no est\u00e1n conectadas a la red de gas natural.\u00a0Hoy cobran este beneficio las personas con documentos finalizados en <b>2<\/b>.<\/p>\n<h3 class=\"yiv2707483126MsoNormal\"><b>Progresar<\/b><\/h3>\n<p class=\"yiv2707483126MsoNormal\">Con Progresar, ANSES y el Ministerio de Educaci\u00f3n garantizan el derecho de terminar los estudios a j\u00f3venes del pa\u00eds. Hoy cobran titulares con documentos terminados en <b>0 y 1<\/b>.<\/p>\n<h3 class=\"yiv2707483126MsoNormal\"><strong>Programa Acompa\u00f1ar<\/strong><\/h3>\n<p class=\"yiv2707483126MsoNormal\">Hoy se realiza el pago del Programa Acompa\u00f1ar del Ministerio de las Mujeres, G\u00e9neros y Diversidad de la Naci\u00f3n, con el objetivo de promover la autonom\u00eda de las mujeres y personas LGBTI+ que se encuentran en riesgo por violencias por motivos de g\u00e9nero.<\/p>\n<h3 class=\"yiv2707483126MsoNormal\"><strong>Programa Repro II<\/strong><\/h3>\n<p class=\"yiv2707483126MsoNormal\">Hoy se abona el pago a las y los beneficiarios del Programa de Recuperaci\u00f3n Productiva II (REPRO II) de la AFIP, para dar alivio econ\u00f3mico a las compa\u00f1\u00edas y al personal afectado por la ca\u00edda de la actividad debido al Covid-19.<\/p>\n","protected":false},"excerpt":{"rendered":"<p>Jubilaciones\u00a0y\u00a0pensiones\u00a0 Las sucursales bancarias habilitadas atender\u00e1n por ventanilla a jubilados, jubiladas, pensionados y pensionadas con documentos terminados en\u00a02\u00a0cuyos\u00a0haberes NO SUPEREN<\/p>\n","protected":false},"author":3,"featured_media":20607,"comment_status":"open","ping_status":"open","sticky":false,"template":"","format":"standard","meta":{"colormag_page_container_layout":"default_layout","colormag_page_sidebar_layout":"default_layout","footnotes":""},"categories":[1],"tags":[],"class_list":["post-35400","post","type-post","status-publish","format-standard","has-post-thumbnail","hentry","category-actualidad"],"_links":{"self":[{"href":"https:\/\/grupotiempodigital.com.ar\/index.php?rest_route=\/wp\/v2\/posts\/35400","targetHints":{"allow":["GET"]}}],"collection":[{"href":"https:\/\/grupotiempodigital.com.ar\/index.php?rest_route=\/wp\/v2\/posts"}],"about":[{"href":"https:\/\/grupotiempodigital.com.ar\/index.php?rest_route=\/wp\/v2\/types\/post"}],"author":[{"embeddable":true,"href":"https:\/\/grupotiempodigital.com.ar\/index.php?rest_route=\/wp\/v2\/users\/3"}],"replies":[{"embeddable":true,"href":"https:\/\/grupotiempodigital.com.ar\/index.php?rest_route=%2Fwp%2Fv2%2Fcomments&post=35400"}],"version-history":[{"count":2,"href":"https:\/\/grupotiempodigital.com.ar\/index.php?rest_route=\/wp\/v2\/posts\/35400\/revisions"}],"predecessor-version":[{"id":35402,"href":"https:\/\/grupotiempodigital.com.ar\/index.php?rest_route=\/wp\/v2\/posts\/35400\/revisions\/35402"}],"wp:featuredmedia":[{"embeddable":true,"href":"https:\/\/grupotiempodigital.com.ar\/index.php?rest_route=\/wp\/v2\/media\/20607"}],"wp:attachment":[{"href":"https:\/\/grupotiempodigital.com.ar\/index.php?rest_route=%2Fwp%2Fv2%2Fmedia&parent=35400"}],"wp:term":[{"taxonomy":"category","embeddable":true,"href":"https:\/\/grupotiempodigital.com.ar\/index.php?rest_route=%2Fwp%2Fv2%2Fcategories&post=35400"},{"taxonomy":"post_tag","embeddable":true,"href":"https:\/\/grupotiempodigital.com.ar\/index.php?rest_route=%2Fwp%2Fv2%2Ftags&post=35400"}],"curies":[{"name":"wp","href":"https:\/\/api.w.org\/{rel}","templated":true}]}}