{"id":35388,"date":"2021-11-09T18:30:13","date_gmt":"2021-11-09T21:30:13","guid":{"rendered":"https:\/\/grupotiempodigital.com.ar\/?p=35388"},"modified":"2021-11-09T18:33:17","modified_gmt":"2021-11-09T21:33:17","slug":"el-arquitecto-fernando-camara-estamos-preparando-una-fuerza-liberal-capaz-de-gobernar-el-pais","status":"publish","type":"post","link":"https:\/\/grupotiempodigital.com.ar\/?p=35388","title":{"rendered":"El Arquitecto Fernando Camara: \u00bb Estamos preparando una fuerza liberal capaz de gobernar el pa\u00eds\u00bb"},"content":{"rendered":"<p>El Arquitecto Fernando C\u00e1mara fue entrevistado en TIEMPO DE RADIO (Libres del Sur FM 90.1 Mhz de Chascom\u00fas en Ranchos La Palabra FM 90.7 Mhz y LV FM 90.1 Mhz de Loma Verde) por su candidatura a Senador Provincial por Avanza Libertad<\/p>\n<p>\u00abEstamos bien, con el entusiasmo que da para afrontar la crisis que estamos viviendo. Estamos en el Titanic y algunos discutiendo que estamos comiendo. Estamos en una crisis tremenda y va a ser un golpe tremendo. Esta inmensa cantidad de millones de pesos que el gobierno esta emitiendo se van a ver despu\u00e9s de las elecciones. El resultado de ellas va a generar una crisis interna. Nadie quiere ser el padre de la derrota. El pa\u00eds lo gobierna Cristina y Alberto un t\u00edtere que cada vez que habla pierde votos. La provincia esta gobernada por Kicillof, dej\u00f3 de ser el pollo de Cristina y gobierna Insaurralde, que es un ministro que le pusieron los intendentes&#8230;\u00bb coment\u00f3 el primer candidato a senador.<\/p>\n<p>Al preguntarle si sienten que son la tercera fuerza de la provincia comento \u00abEvidentemente, y lo vamos a ser cada vez mas. Nosotros tenemos experiencia de muchos a\u00f1os de pol\u00edtica y hoy estamos entrando con la juventud y la gente de pocos recursos, que se cans\u00f3 de ganarse el pan decentemente con orgullo. La gente se est\u00e1 hartando de las mafias sindicales. Todo esto se va a revertir cuando ingresemos a la legislatura y los Concejos Deliberantes. Esto va a ser el puntapie inicial para el 2023 tener una fuerza en condiciones de gobernar el pais..\u00bb<br \/>\nAntes del cierre se lo consulto sobre como es el armado de Avanza Libertad a lo que Camara respondi\u00f3 \u00abEs una tarea dif\u00edcil, pero el contacto directo con la gente es importante. Estamos armando y generando dirigentes. Encontramos muchos chicos j\u00f3venes que est\u00e1n generando el ingreso al liberalismo de amigos y familiares. En mi recorrida estoy encontrando gente que nunca particip\u00f3 en pol\u00edtica y esta harta. El respeto a lo que hace el otro es clave&#8230;\u00bb<br \/>\nDiputado (m.c.) y conocido dirigente de la Uced\u00e9 el dirigente de Las Flores tiene el exclusivo logro de haberse consagrado diputado en 1989 en esta secci\u00f3n en el \u00fanico caso desde 1983 que la secci\u00f3n quinta consagr\u00f3 diputados no peronistas ni radicales.<\/p>\n<p style=\"text-align: center;\"><strong>ESCUCHAR ENTREVISTA COMPLETA<\/strong><\/p>\n<p><iframe loading=\"lazy\" src=\"https:\/\/drive.google.com\/file\/d\/10Tp25z_XUdexz9AlPfk8HSAI9LRXS1mt\/preview\" width=\"320\" height=\"80\" allow=\"autoplay\"><\/iframe><\/p>\n","protected":false},"excerpt":{"rendered":"<p>El Arquitecto Fernando C\u00e1mara fue entrevistado en TIEMPO DE RADIO (Libres del Sur FM 90.1 Mhz de Chascom\u00fas en Ranchos<\/p>\n","protected":false},"author":3,"featured_media":32707,"comment_status":"open","ping_status":"open","sticky":false,"template":"","format":"standard","meta":{"colormag_page_container_layout":"default_layout","colormag_page_sidebar_layout":"default_layout","footnotes":""},"categories":[1,38,43,42],"tags":[],"class_list":["post-35388","post","type-post","status-publish","format-standard","has-post-thumbnail","hentry","category-actualidad","category-destacadas","category-notas-con-audio","category-provinciales"],"_links":{"self":[{"href":"https:\/\/grupotiempodigital.com.ar\/index.php?rest_route=\/wp\/v2\/posts\/35388","targetHints":{"allow":["GET"]}}],"collection":[{"href":"https:\/\/grupotiempodigital.com.ar\/index.php?rest_route=\/wp\/v2\/posts"}],"about":[{"href":"https:\/\/grupotiempodigital.com.ar\/index.php?rest_route=\/wp\/v2\/types\/post"}],"author":[{"embeddable":true,"href":"https:\/\/grupotiempodigital.com.ar\/index.php?rest_route=\/wp\/v2\/users\/3"}],"replies":[{"embeddable":true,"href":"https:\/\/grupotiempodigital.com.ar\/index.php?rest_route=%2Fwp%2Fv2%2Fcomments&post=35388"}],"version-history":[{"count":4,"href":"https:\/\/grupotiempodigital.com.ar\/index.php?rest_route=\/wp\/v2\/posts\/35388\/revisions"}],"predecessor-version":[{"id":35394,"href":"https:\/\/grupotiempodigital.com.ar\/index.php?rest_route=\/wp\/v2\/posts\/35388\/revisions\/35394"}],"wp:featuredmedia":[{"embeddable":true,"href":"https:\/\/grupotiempodigital.com.ar\/index.php?rest_route=\/wp\/v2\/media\/32707"}],"wp:attachment":[{"href":"https:\/\/grupotiempodigital.com.ar\/index.php?rest_route=%2Fwp%2Fv2%2Fmedia&parent=35388"}],"wp:term":[{"taxonomy":"category","embeddable":true,"href":"https:\/\/grupotiempodigital.com.ar\/index.php?rest_route=%2Fwp%2Fv2%2Fcategories&post=35388"},{"taxonomy":"post_tag","embeddable":true,"href":"https:\/\/grupotiempodigital.com.ar\/index.php?rest_route=%2Fwp%2Fv2%2Ftags&post=35388"}],"curies":[{"name":"wp","href":"https:\/\/api.w.org\/{rel}","templated":true}]}}