{"id":35385,"date":"2021-11-09T18:28:27","date_gmt":"2021-11-09T21:28:27","guid":{"rendered":"https:\/\/grupotiempodigital.com.ar\/?p=35385"},"modified":"2021-11-09T18:35:30","modified_gmt":"2021-11-09T21:35:30","slug":"soledad-nivio-creo-y-quiero-que-ramiro-sera-el-futuro-intendente-de-chascomus","status":"publish","type":"post","link":"https:\/\/grupotiempodigital.com.ar\/?p=35385","title":{"rendered":"Soledad Nivio:\u00bb Creo y quiero que Ramiro ser\u00e1 el futuro intendente de Chascomus\u00bb"},"content":{"rendered":"<p>En la ma\u00f1ana de este Martes la candidata del espacio Juntos del distrito Chascom\u00fas Soledad Nivio, dialog\u00f3 en las radios de TIEMPO (Libres del Sur FM 90.1 Mhz de Chascom\u00fas en Ranchos La Palabra FM 90.7 Mhz y LV FM 90.1 Mhz de Loma Verde)<\/p>\n<p>\u00abTodos los d\u00edas salimos los candidatos a recorrer los barrios. Cuando arrancamos en 2017 ten\u00edamos que lograr que la gente nos abra las puertas y ahora nos piden que pasemos. En algunos barrios alg\u00fan vecino espera que terminemos de hablar con otro vecino para hablar con el&#8230;\u00bb dijo Nivio sobre el recibimiento de los vecinos y agreg\u00f3 en relaci\u00f3n a los pedidos que mas reciben \u00abHay temas puntuales que se repiten en las charlas. Uno es salud, otro es la inseguridad, que esta pegando muy fuerte. Que en el debate fue pasado por arriba por la candidata del oficialismo&#8230;\u00bb<\/p>\n<p>Sobre el estado de animo de los vecinos que encontraron en esta recorrida dijo \u00abYo la diferencia que noto desde las PASO es esperanza. La pandemia golpe\u00f3 econ\u00f3micamente a muchos vecinos y la inseguridad es algo que esta latente. En este ultimo tiempo cu\u00e1ndo los vamos a visitar reciben una seguridad que no ven en el gobierno local. Esta lista que encabeza Ramiro es una oportunidad de mostrar que la pol\u00edtica se puede hacer de otra manera&#8230;\u00bb analiz\u00f3 Soledad<\/p>\n<p>\u00abComo Ramiro siempre recalca hay que ser humilde. Creemos que el caudal de votos no va a bajar sino que va a incrementarse un poco. Nosotros estos 4 a\u00f1os trabajamos arduamente, seguimos creciendo. Ramiro creci\u00f3 pol\u00edticamente y hay una gran ambici\u00f3n para el 2023. Pero todo paso a paso el objetivo es el domingo y contar los votos. El lunes trabajaremos para m\u00e1s adelante.\u00bb remat\u00f3.<\/p>\n<p>De las casas que visitamos y los mensajes que recibimos podemos decir que de todos los sectores nos han acompa\u00f1ado con el voto. De los empleados municipales de las diferentes \u00e1reas sentimos un acompa\u00f1amiento muy grande debido al olvido que tuvieron en estos a\u00f1os&#8230;\u00bb dijo sobre la cosecha de votos<\/p>\n<p>Ante la pregunta si es una militante de Ramiro. Nivio de origen radical expres\u00f3 \u00abYo me identifico como militante de Ramiro. Lo conoc\u00ed en la interna de 2017. Es una persona honesta transparente, muy responsable y se que va a dar lo mejor de si para que Chascom\u00fas est\u00e9 mejor. Y esos valores que compartimos los tenemos todos los que conformamos la lista. Yo soy de la UCR y se que a Chascom\u00fas le puede dar lo mejor. Y por mas que sea de otro partido&#8230;\u00bf Por que no lo voy a votar?, No tengo dudas que yo en el 2023 voy a estar al lado de Ramiro. Yo quiero que Ramiro sea el candidato.,\u00bb agreg\u00f3 sin dejar dudas sobre su posicionamiento pol\u00edtico.<\/p>\n<p style=\"text-align: center;\"><strong>ESCUCHAR ENTTREVISTA COMPLETA<\/strong><\/p>\n<p><iframe loading=\"lazy\" src=\"https:\/\/drive.google.com\/file\/d\/1jCTEcukz7ojJZIcEZ-QoaxN0HQl8Km3N\/preview\" width=\"320\" height=\"80\" allow=\"autoplay\"><\/iframe><br \/>\n&nbsp;<\/p>\n","protected":false},"excerpt":{"rendered":"<p>En la ma\u00f1ana de este Martes la candidata del espacio Juntos del distrito Chascom\u00fas Soledad Nivio, dialog\u00f3 en las radios<\/p>\n","protected":false},"author":3,"featured_media":16812,"comment_status":"open","ping_status":"open","sticky":false,"template":"","format":"standard","meta":{"colormag_page_container_layout":"default_layout","colormag_page_sidebar_layout":"default_layout","footnotes":""},"categories":[1,45,38,43],"tags":[],"class_list":["post-35385","post","type-post","status-publish","format-standard","has-post-thumbnail","hentry","category-actualidad","category-chascomus","category-destacadas","category-notas-con-audio"],"_links":{"self":[{"href":"https:\/\/grupotiempodigital.com.ar\/index.php?rest_route=\/wp\/v2\/posts\/35385","targetHints":{"allow":["GET"]}}],"collection":[{"href":"https:\/\/grupotiempodigital.com.ar\/index.php?rest_route=\/wp\/v2\/posts"}],"about":[{"href":"https:\/\/grupotiempodigital.com.ar\/index.php?rest_route=\/wp\/v2\/types\/post"}],"author":[{"embeddable":true,"href":"https:\/\/grupotiempodigital.com.ar\/index.php?rest_route=\/wp\/v2\/users\/3"}],"replies":[{"embeddable":true,"href":"https:\/\/grupotiempodigital.com.ar\/index.php?rest_route=%2Fwp%2Fv2%2Fcomments&post=35385"}],"version-history":[{"count":5,"href":"https:\/\/grupotiempodigital.com.ar\/index.php?rest_route=\/wp\/v2\/posts\/35385\/revisions"}],"predecessor-version":[{"id":35395,"href":"https:\/\/grupotiempodigital.com.ar\/index.php?rest_route=\/wp\/v2\/posts\/35385\/revisions\/35395"}],"wp:featuredmedia":[{"embeddable":true,"href":"https:\/\/grupotiempodigital.com.ar\/index.php?rest_route=\/wp\/v2\/media\/16812"}],"wp:attachment":[{"href":"https:\/\/grupotiempodigital.com.ar\/index.php?rest_route=%2Fwp%2Fv2%2Fmedia&parent=35385"}],"wp:term":[{"taxonomy":"category","embeddable":true,"href":"https:\/\/grupotiempodigital.com.ar\/index.php?rest_route=%2Fwp%2Fv2%2Fcategories&post=35385"},{"taxonomy":"post_tag","embeddable":true,"href":"https:\/\/grupotiempodigital.com.ar\/index.php?rest_route=%2Fwp%2Fv2%2Ftags&post=35385"}],"curies":[{"name":"wp","href":"https:\/\/api.w.org\/{rel}","templated":true}]}}