{"id":35363,"date":"2021-11-09T12:37:32","date_gmt":"2021-11-09T15:37:32","guid":{"rendered":"https:\/\/grupotiempodigital.com.ar\/?p=35363"},"modified":"2021-11-09T12:37:32","modified_gmt":"2021-11-09T15:37:32","slug":"gran-participacion-de-la-delegacion-de-general-paz-en-los-juegos-bonaerenses-2021","status":"publish","type":"post","link":"https:\/\/grupotiempodigital.com.ar\/?p=35363","title":{"rendered":"GRAN PARTICIPACI\u00d3N DE LA DELEGACI\u00d3N DE GENERAL PAZ EN LOS JUEGOS BONAERENSES 2021"},"content":{"rendered":"<div class=\"o9v6fnle cxmmr5t8 oygrvhab hcukyx3x c1et5uql ii04i59q\">\n<div dir=\"auto\">En minutos, entre las 12:30 y las 13:00 hs., la delegaci\u00f3n que represent\u00f3 al distrito en la etapa provincial de la 30\u00b0 edici\u00f3n de los Juegos Bonarenses emprende el viaje de regreso. La participaci\u00f3n en la ciudad de Mar del Plata fue altamente positiva, obteniendo 3 medallas -1 de oro, 1 de plata y la restante de bronce- y logrando rendimientos por encima de las marcas personales.<\/div>\n<\/div>\n<div class=\"o9v6fnle cxmmr5t8 oygrvhab hcukyx3x c1et5uql ii04i59q\">\n<div dir=\"auto\">En el retorno a la competencia deportiva luego de los meses de pausa a ra\u00edz de la pandemia por Covid-19, los y las j\u00f3venes deportistas clasificados cumplieron un papel absolutamente destacable.<\/div>\n<\/div>\n<div class=\"o9v6fnle cxmmr5t8 oygrvhab hcukyx3x c1et5uql ii04i59q\">\n<div dir=\"auto\">Los resultados de cada participante fueron los siguientes <span class=\"pq6dq46d tbxw36s4 knj5qynh kvgmc6g5 ditlmg2l oygrvhab nvdbi5me sf5mxxl7 gl3lb2sf hhz5lgdu\"><img loading=\"lazy\" decoding=\"async\" src=\"https:\/\/static.xx.fbcdn.net\/images\/emoji.php\/v9\/t4f\/1\/16\/1f447.png\" alt=\"\ud83d\udc47\" width=\"16\" height=\"16\" \/><\/span><\/div>\n<\/div>\n<div class=\"o9v6fnle cxmmr5t8 oygrvhab hcukyx3x c1et5uql ii04i59q\">\n<div dir=\"auto\"><strong><span class=\"pq6dq46d tbxw36s4 knj5qynh kvgmc6g5 ditlmg2l oygrvhab nvdbi5me sf5mxxl7 gl3lb2sf hhz5lgdu\">*<\/span>Lanzamiento de Jabalina<\/strong><\/div>\n<\/div>\n<div class=\"o9v6fnle cxmmr5t8 oygrvhab hcukyx3x c1et5uql ii04i59q\">\n<div dir=\"auto\"><span class=\"pq6dq46d tbxw36s4 knj5qynh kvgmc6g5 ditlmg2l oygrvhab nvdbi5me sf5mxxl7 gl3lb2sf hhz5lgdu\"><img loading=\"lazy\" decoding=\"async\" src=\"https:\/\/static.xx.fbcdn.net\/images\/emoji.php\/v9\/t9e\/1\/16\/27a1.png\" alt=\"\u27a1\ufe0f\" width=\"16\" height=\"16\" \/><\/span> Demi\u00e1n Aranda logr\u00f3 el cuarto lugar con un lanzamiento que alcanz\u00f3 los 31,5 mts. (su mejor marca).<\/div>\n<\/div>\n<div class=\"o9v6fnle cxmmr5t8 oygrvhab hcukyx3x c1et5uql ii04i59q\">\n<div dir=\"auto\"><span class=\"pq6dq46d tbxw36s4 knj5qynh kvgmc6g5 ditlmg2l oygrvhab nvdbi5me sf5mxxl7 gl3lb2sf hhz5lgdu\"><img loading=\"lazy\" decoding=\"async\" src=\"https:\/\/static.xx.fbcdn.net\/images\/emoji.php\/v9\/t9e\/1\/16\/27a1.png\" alt=\"\u27a1\ufe0f\" width=\"16\" height=\"16\" \/><\/span> Alexis Pared, en la categor\u00eda Sub-16, super\u00f3 su r\u00e9cord personal al realizar un lanzamiento de 30,25 mts, aunque no fue suficiente para clasificar a la final.<\/div>\n<\/div>\n<div class=\"o9v6fnle cxmmr5t8 oygrvhab hcukyx3x c1et5uql ii04i59q\">\n<div dir=\"auto\"><strong><span class=\"pq6dq46d tbxw36s4 knj5qynh kvgmc6g5 ditlmg2l oygrvhab nvdbi5me sf5mxxl7 gl3lb2sf hhz5lgdu\">*<\/span>Lanzamiento de Bala<\/strong><\/div>\n<\/div>\n<div class=\"o9v6fnle cxmmr5t8 oygrvhab hcukyx3x c1et5uql ii04i59q\">\n<div dir=\"auto\"><strong><span class=\"pq6dq46d tbxw36s4 knj5qynh kvgmc6g5 ditlmg2l oygrvhab nvdbi5me sf5mxxl7 gl3lb2sf hhz5lgdu\"><img loading=\"lazy\" decoding=\"async\" src=\"https:\/\/static.xx.fbcdn.net\/images\/emoji.php\/v9\/tbe\/1\/16\/1f3c6.png\" alt=\"\ud83c\udfc6\" width=\"16\" height=\"16\" \/><\/span> Naara Abril Sequeira se consagr\u00f3 Campeona Provincial en la categor\u00eda Sub-16 con una marca de 10,55 mts., estableciendo su mejor lanzamiento.<\/strong><\/div>\n<\/div>\n<div class=\"o9v6fnle cxmmr5t8 oygrvhab hcukyx3x c1et5uql ii04i59q\">\n<div dir=\"auto\"><span class=\"pq6dq46d tbxw36s4 knj5qynh kvgmc6g5 ditlmg2l oygrvhab nvdbi5me sf5mxxl7 gl3lb2sf hhz5lgdu\"><img loading=\"lazy\" decoding=\"async\" src=\"https:\/\/static.xx.fbcdn.net\/images\/emoji.php\/v9\/t9e\/1\/16\/27a1.png\" alt=\"\u27a1\ufe0f\" width=\"16\" height=\"16\" \/><\/span> Florencia Sequeira finaliz\u00f3 en el cuarto lugar con un lanzamiento de 9,35 mts., su mejor marca personal.<\/div>\n<\/div>\n<div class=\"o9v6fnle cxmmr5t8 oygrvhab hcukyx3x c1et5uql ii04i59q\">\n<div dir=\"auto\"><strong><span class=\"pq6dq46d tbxw36s4 knj5qynh kvgmc6g5 ditlmg2l oygrvhab nvdbi5me sf5mxxl7 gl3lb2sf hhz5lgdu\">*<\/span>Lanzamiento de Disco<\/strong><\/div>\n<\/div>\n<div class=\"o9v6fnle cxmmr5t8 oygrvhab hcukyx3x c1et5uql ii04i59q\">\n<div dir=\"auto\"><strong><span class=\"pq6dq46d tbxw36s4 knj5qynh kvgmc6g5 ditlmg2l oygrvhab nvdbi5me sf5mxxl7 gl3lb2sf hhz5lgdu\"><img loading=\"lazy\" decoding=\"async\" src=\"https:\/\/static.xx.fbcdn.net\/images\/emoji.php\/v9\/t15\/1\/16\/1f948.png\" alt=\"\ud83e\udd48\" width=\"16\" height=\"16\" \/><\/span> Brian Oporto consigui\u00f3 la medalla plateada en la categor\u00eda Sub-16, con una marca de 37,51 mts.<\/strong><\/div>\n<\/div>\n<div class=\"o9v6fnle cxmmr5t8 oygrvhab hcukyx3x c1et5uql ii04i59q\">\n<div dir=\"auto\"><span class=\"pq6dq46d tbxw36s4 knj5qynh kvgmc6g5 ditlmg2l oygrvhab nvdbi5me sf5mxxl7 gl3lb2sf hhz5lgdu\"><img loading=\"lazy\" decoding=\"async\" src=\"https:\/\/static.xx.fbcdn.net\/images\/emoji.php\/v9\/t9e\/1\/16\/27a1.png\" alt=\"\u27a1\ufe0f\" width=\"16\" height=\"16\" \/><\/span> Miqueas Gim\u00e9nes compiti\u00f3 en la categor\u00eda Sub-18 marcando 32,45 mts, pero no fueron suficientes para acceder a la final.<\/div>\n<\/div>\n<div class=\"o9v6fnle cxmmr5t8 oygrvhab hcukyx3x c1et5uql ii04i59q\">\n<div dir=\"auto\"><strong><span class=\"pq6dq46d tbxw36s4 knj5qynh kvgmc6g5 ditlmg2l oygrvhab nvdbi5me sf5mxxl7 gl3lb2sf hhz5lgdu\">*<\/span>Lanzamiento de Martillo<\/strong><\/div>\n<\/div>\n<div class=\"o9v6fnle cxmmr5t8 oygrvhab hcukyx3x c1et5uql ii04i59q\">\n<div dir=\"auto\"><span class=\"pq6dq46d tbxw36s4 knj5qynh kvgmc6g5 ditlmg2l oygrvhab nvdbi5me sf5mxxl7 gl3lb2sf hhz5lgdu\"><img loading=\"lazy\" decoding=\"async\" src=\"https:\/\/static.xx.fbcdn.net\/images\/emoji.php\/v9\/t9e\/1\/16\/27a1.png\" alt=\"\u27a1\ufe0f\" width=\"16\" height=\"16\" \/><\/span> Mart\u00edn Eichel particip\u00f3 en la categor\u00eda Sub-14, quedando en el sexto lugar de la final con una marca de 24,95 mts.<\/div>\n<\/div>\n<div class=\"o9v6fnle cxmmr5t8 oygrvhab hcukyx3x c1et5uql ii04i59q\">\n<div dir=\"auto\"><strong><span class=\"pq6dq46d tbxw36s4 knj5qynh kvgmc6g5 ditlmg2l oygrvhab nvdbi5me sf5mxxl7 gl3lb2sf hhz5lgdu\">*<\/span>Resistencia \u2013 1500 Mts.<\/strong><\/div>\n<\/div>\n<div class=\"o9v6fnle cxmmr5t8 oygrvhab hcukyx3x c1et5uql ii04i59q\">\n<div dir=\"auto\"><span class=\"pq6dq46d tbxw36s4 knj5qynh kvgmc6g5 ditlmg2l oygrvhab nvdbi5me sf5mxxl7 gl3lb2sf hhz5lgdu\"><img loading=\"lazy\" decoding=\"async\" src=\"https:\/\/static.xx.fbcdn.net\/images\/emoji.php\/v9\/t9e\/1\/16\/27a1.png\" alt=\"\u27a1\ufe0f\" width=\"16\" height=\"16\" \/><\/span> Uriel Badano no pudo completar la prueba debido a una lesi\u00f3n en su pierna derecha.<\/div>\n<\/div>\n<div class=\"o9v6fnle cxmmr5t8 oygrvhab hcukyx3x c1et5uql ii04i59q\">\n<div dir=\"auto\"><strong><span class=\"pq6dq46d tbxw36s4 knj5qynh kvgmc6g5 ditlmg2l oygrvhab nvdbi5me sf5mxxl7 gl3lb2sf hhz5lgdu\">*<\/span>Tenis<\/strong><\/div>\n<\/div>\n<div class=\"o9v6fnle cxmmr5t8 oygrvhab hcukyx3x c1et5uql ii04i59q\">\n<div dir=\"auto\"><strong><span class=\"pq6dq46d tbxw36s4 knj5qynh kvgmc6g5 ditlmg2l oygrvhab nvdbi5me sf5mxxl7 gl3lb2sf hhz5lgdu\"><img loading=\"lazy\" decoding=\"async\" src=\"https:\/\/static.xx.fbcdn.net\/images\/emoji.php\/v9\/t96\/1\/16\/1f949.png\" alt=\"\ud83e\udd49\" width=\"16\" height=\"16\" \/><\/span> Tom\u00e1s Castillo obtuvo la medalla de Bronce en modalidad single.<\/strong><\/div>\n<\/div>\n<div class=\"o9v6fnle cxmmr5t8 oygrvhab hcukyx3x c1et5uql ii04i59q\">\n<div dir=\"auto\"><span class=\"pq6dq46d tbxw36s4 knj5qynh kvgmc6g5 ditlmg2l oygrvhab nvdbi5me sf5mxxl7 gl3lb2sf hhz5lgdu\"><img loading=\"lazy\" decoding=\"async\" src=\"https:\/\/static.xx.fbcdn.net\/images\/emoji.php\/v9\/t9e\/1\/16\/27a1.png\" alt=\"\u27a1\ufe0f\" width=\"16\" height=\"16\" \/><\/span> M\u00eda Gim\u00e9nez y Ludmila Morales quedaron en la puerta de la clasificaci\u00f3n a la zona de medallas.<\/div>\n<\/div>\n<div class=\"o9v6fnle cxmmr5t8 oygrvhab hcukyx3x c1et5uql ii04i59q\">\n<div dir=\"auto\"><strong><span class=\"pq6dq46d tbxw36s4 knj5qynh kvgmc6g5 ditlmg2l oygrvhab nvdbi5me sf5mxxl7 gl3lb2sf hhz5lgdu\">*<\/span>Beach Voley<\/strong><\/div>\n<\/div>\n<div class=\"o9v6fnle cxmmr5t8 oygrvhab hcukyx3x c1et5uql ii04i59q\">\n<div dir=\"auto\"><span class=\"pq6dq46d tbxw36s4 knj5qynh kvgmc6g5 ditlmg2l oygrvhab nvdbi5me sf5mxxl7 gl3lb2sf hhz5lgdu\"><img loading=\"lazy\" decoding=\"async\" src=\"https:\/\/static.xx.fbcdn.net\/images\/emoji.php\/v9\/t9e\/1\/16\/27a1.png\" alt=\"\u27a1\ufe0f\" width=\"16\" height=\"16\" \/><\/span> Tiara Santaluc\u00eda y Pilar Dur\u00e1n finalizaron su participaci\u00f3n en el segundo lugar de su zona, sin chances de competir por una medalla.<\/div>\n<\/div>\n<div dir=\"auto\" style=\"text-align: center;\"><em><strong>Estamos Cambiando Por Vos<\/strong><\/em><\/div>\n<div dir=\"auto\"><\/div>\n<div dir=\"auto\"><a href=\"https:\/\/grupotiempodigital.com.ar\/wp-content\/uploads\/2021\/11\/2-2.jpg\"><img loading=\"lazy\" decoding=\"async\" class=\"aligncenter size-full wp-image-35371\" src=\"https:\/\/grupotiempodigital.com.ar\/wp-content\/uploads\/2021\/11\/2-2.jpg\" alt=\"\" width=\"607\" height=\"1080\" srcset=\"https:\/\/grupotiempodigital.com.ar\/wp-content\/uploads\/2021\/11\/2-2.jpg 607w, https:\/\/grupotiempodigital.com.ar\/wp-content\/uploads\/2021\/11\/2-2-169x300.jpg 169w, https:\/\/grupotiempodigital.com.ar\/wp-content\/uploads\/2021\/11\/2-2-576x1024.jpg 576w\" sizes=\"auto, (max-width: 607px) 100vw, 607px\" \/><\/a><\/div>\n<div dir=\"auto\"><a href=\"https:\/\/grupotiempodigital.com.ar\/wp-content\/uploads\/2021\/11\/3-1.jpg\"><img loading=\"lazy\" decoding=\"async\" class=\"aligncenter size-full wp-image-35370\" src=\"https:\/\/grupotiempodigital.com.ar\/wp-content\/uploads\/2021\/11\/3-1.jpg\" alt=\"\" width=\"1037\" height=\"1280\" srcset=\"https:\/\/grupotiempodigital.com.ar\/wp-content\/uploads\/2021\/11\/3-1.jpg 1037w, https:\/\/grupotiempodigital.com.ar\/wp-content\/uploads\/2021\/11\/3-1-243x300.jpg 243w, https:\/\/grupotiempodigital.com.ar\/wp-content\/uploads\/2021\/11\/3-1-830x1024.jpg 830w, https:\/\/grupotiempodigital.com.ar\/wp-content\/uploads\/2021\/11\/3-1-768x948.jpg 768w\" sizes=\"auto, (max-width: 1037px) 100vw, 1037px\" \/><\/a><a href=\"https:\/\/grupotiempodigital.com.ar\/wp-content\/uploads\/2021\/11\/5-1.jpg\"><img loading=\"lazy\" decoding=\"async\" class=\"aligncenter size-full wp-image-35372\" src=\"https:\/\/grupotiempodigital.com.ar\/wp-content\/uploads\/2021\/11\/5-1.jpg\" alt=\"\" width=\"1280\" height=\"720\" srcset=\"https:\/\/grupotiempodigital.com.ar\/wp-content\/uploads\/2021\/11\/5-1.jpg 1280w, https:\/\/grupotiempodigital.com.ar\/wp-content\/uploads\/2021\/11\/5-1-300x169.jpg 300w, https:\/\/grupotiempodigital.com.ar\/wp-content\/uploads\/2021\/11\/5-1-1024x576.jpg 1024w, https:\/\/grupotiempodigital.com.ar\/wp-content\/uploads\/2021\/11\/5-1-768x432.jpg 768w, https:\/\/grupotiempodigital.com.ar\/wp-content\/uploads\/2021\/11\/5-1-1140x641.jpg 1140w, https:\/\/grupotiempodigital.com.ar\/wp-content\/uploads\/2021\/11\/5-1-720x405.jpg 720w\" sizes=\"auto, (max-width: 1280px) 100vw, 1280px\" \/><\/a><\/div>\n<div dir=\"auto\"><a href=\"https:\/\/grupotiempodigital.com.ar\/wp-content\/uploads\/2021\/11\/4-1.jpg\"><img loading=\"lazy\" decoding=\"async\" class=\"aligncenter size-full wp-image-35369\" src=\"https:\/\/grupotiempodigital.com.ar\/wp-content\/uploads\/2021\/11\/4-1.jpg\" alt=\"\" width=\"1280\" height=\"1208\" srcset=\"https:\/\/grupotiempodigital.com.ar\/wp-content\/uploads\/2021\/11\/4-1.jpg 1280w, https:\/\/grupotiempodigital.com.ar\/wp-content\/uploads\/2021\/11\/4-1-300x283.jpg 300w, https:\/\/grupotiempodigital.com.ar\/wp-content\/uploads\/2021\/11\/4-1-1024x966.jpg 1024w, https:\/\/grupotiempodigital.com.ar\/wp-content\/uploads\/2021\/11\/4-1-768x725.jpg 768w\" sizes=\"auto, (max-width: 1280px) 100vw, 1280px\" \/><\/a><\/div>\n<div dir=\"auto\"><\/div>\n<div dir=\"auto\"><a href=\"https:\/\/grupotiempodigital.com.ar\/wp-content\/uploads\/2021\/11\/6.jpg\"><img loading=\"lazy\" decoding=\"async\" class=\"aligncenter size-full wp-image-35367\" src=\"https:\/\/grupotiempodigital.com.ar\/wp-content\/uploads\/2021\/11\/6.jpg\" alt=\"\" width=\"607\" height=\"1080\" srcset=\"https:\/\/grupotiempodigital.com.ar\/wp-content\/uploads\/2021\/11\/6.jpg 607w, https:\/\/grupotiempodigital.com.ar\/wp-content\/uploads\/2021\/11\/6-169x300.jpg 169w, https:\/\/grupotiempodigital.com.ar\/wp-content\/uploads\/2021\/11\/6-576x1024.jpg 576w\" sizes=\"auto, (max-width: 607px) 100vw, 607px\" \/><\/a><\/div>\n<div dir=\"auto\"><a href=\"https:\/\/grupotiempodigital.com.ar\/wp-content\/uploads\/2021\/11\/7.jpg\"><img loading=\"lazy\" decoding=\"async\" class=\"aligncenter size-full wp-image-35366\" src=\"https:\/\/grupotiempodigital.com.ar\/wp-content\/uploads\/2021\/11\/7.jpg\" alt=\"\" width=\"607\" height=\"1080\" srcset=\"https:\/\/grupotiempodigital.com.ar\/wp-content\/uploads\/2021\/11\/7.jpg 607w, https:\/\/grupotiempodigital.com.ar\/wp-content\/uploads\/2021\/11\/7-169x300.jpg 169w, https:\/\/grupotiempodigital.com.ar\/wp-content\/uploads\/2021\/11\/7-576x1024.jpg 576w\" sizes=\"auto, (max-width: 607px) 100vw, 607px\" \/><\/a><\/div>\n<div class=\"o9v6fnle cxmmr5t8 oygrvhab hcukyx3x c1et5uql ii04i59q\">\n<div dir=\"auto\"><\/div>\n<\/div>\n","protected":false},"excerpt":{"rendered":"<p>En minutos, entre las 12:30 y las 13:00 hs., la delegaci\u00f3n que represent\u00f3 al distrito en la etapa provincial de<\/p>\n","protected":false},"author":3,"featured_media":35365,"comment_status":"open","ping_status":"open","sticky":false,"template":"","format":"standard","meta":{"colormag_page_container_layout":"default_layout","colormag_page_sidebar_layout":"default_layout","footnotes":""},"categories":[1],"tags":[],"class_list":["post-35363","post","type-post","status-publish","format-standard","has-post-thumbnail","hentry","category-actualidad"],"_links":{"self":[{"href":"https:\/\/grupotiempodigital.com.ar\/index.php?rest_route=\/wp\/v2\/posts\/35363","targetHints":{"allow":["GET"]}}],"collection":[{"href":"https:\/\/grupotiempodigital.com.ar\/index.php?rest_route=\/wp\/v2\/posts"}],"about":[{"href":"https:\/\/grupotiempodigital.com.ar\/index.php?rest_route=\/wp\/v2\/types\/post"}],"author":[{"embeddable":true,"href":"https:\/\/grupotiempodigital.com.ar\/index.php?rest_route=\/wp\/v2\/users\/3"}],"replies":[{"embeddable":true,"href":"https:\/\/grupotiempodigital.com.ar\/index.php?rest_route=%2Fwp%2Fv2%2Fcomments&post=35363"}],"version-history":[{"count":2,"href":"https:\/\/grupotiempodigital.com.ar\/index.php?rest_route=\/wp\/v2\/posts\/35363\/revisions"}],"predecessor-version":[{"id":35373,"href":"https:\/\/grupotiempodigital.com.ar\/index.php?rest_route=\/wp\/v2\/posts\/35363\/revisions\/35373"}],"wp:featuredmedia":[{"embeddable":true,"href":"https:\/\/grupotiempodigital.com.ar\/index.php?rest_route=\/wp\/v2\/media\/35365"}],"wp:attachment":[{"href":"https:\/\/grupotiempodigital.com.ar\/index.php?rest_route=%2Fwp%2Fv2%2Fmedia&parent=35363"}],"wp:term":[{"taxonomy":"category","embeddable":true,"href":"https:\/\/grupotiempodigital.com.ar\/index.php?rest_route=%2Fwp%2Fv2%2Fcategories&post=35363"},{"taxonomy":"post_tag","embeddable":true,"href":"https:\/\/grupotiempodigital.com.ar\/index.php?rest_route=%2Fwp%2Fv2%2Ftags&post=35363"}],"curies":[{"name":"wp","href":"https:\/\/api.w.org\/{rel}","templated":true}]}}