{"id":35360,"date":"2021-11-09T07:54:00","date_gmt":"2021-11-09T10:54:00","guid":{"rendered":"https:\/\/grupotiempodigital.com.ar\/?p=35360"},"modified":"2021-11-09T07:54:00","modified_gmt":"2021-11-09T10:54:00","slug":"informa-anses-calendarios-de-pago-de-hoy-martes-9-de-noviembre","status":"publish","type":"post","link":"https:\/\/grupotiempodigital.com.ar\/?p=35360","title":{"rendered":"Informa ANSES: CALENDARIOS DE PAGO DE HOY MARTES 9 DE NOVIEMBRE"},"content":{"rendered":"<h3 class=\"yiv0843779543MsoNormal\"><b>Jubilaciones\u00a0y\u00a0pensiones\u00a0<\/b><\/h3>\n<p class=\"yiv0843779543MsoNormal\">Las sucursales bancarias habilitadas atender\u00e1n por ventanilla a jubilados, jubiladas, pensionados y pensionadas con documentos terminados en\u00a0<b>1\u00a0<\/b>cuyos<b>\u00a0haberes NO SUPEREN la suma de 29.135 pesos<\/b>.<\/p>\n<h3 class=\"yiv0843779543MsoNormal\"><b>Asignaci\u00f3n Universal por Hijo y Asignaci\u00f3n Familiar por Hijo<\/b><\/h3>\n<p class=\"yiv0843779543MsoNormal\">Con la utilizaci\u00f3n de la tarjeta de d\u00e9bito, hoy perciben la Asignaci\u00f3n Universal por Hijo y la Asignaci\u00f3n Familiar por Hijo titulares con documentos concluidos en\u00a0<b>1<\/b>.<\/p>\n<h3 class=\"yiv0843779543MsoNormal\"><b>Programa Alimentar<\/b><\/h3>\n<p class=\"yiv0843779543MsoNormal\">A partir de este mes, el programa Alimentar se deposita en la misma cuenta que la AUH. Esta unificaci\u00f3n permite una mejor organizaci\u00f3n y da mayor previsibilidad a las familias que ahora podr\u00e1n buscar la mejor calidad y el mejor precio de sus alimentos. Hoy cobran titulares con documentos finalizados en <b>1<\/b>.<\/p>\n<h3 class=\"yiv0843779543MsoNormal\"><b>Programa Hogar<\/b><\/h3>\n<p class=\"yiv0843779543MsoNormal\">ANSES y la Secretar\u00eda de Energ\u00eda impulsan en conjunto el Programa Hogar, mediante el cual se otorga un subsidio para la compra de garrafas en viviendas que no est\u00e1n conectadas a la red de gas natural.\u00a0Hoy cobran este beneficio las personas con documentos terminados en <b>1<\/b>.<\/p>\n","protected":false},"excerpt":{"rendered":"<p>Jubilaciones\u00a0y\u00a0pensiones\u00a0 Las sucursales bancarias habilitadas atender\u00e1n por ventanilla a jubilados, jubiladas, pensionados y pensionadas con documentos terminados en\u00a01\u00a0cuyos\u00a0haberes NO SUPEREN<\/p>\n","protected":false},"author":3,"featured_media":20607,"comment_status":"open","ping_status":"open","sticky":false,"template":"","format":"standard","meta":{"colormag_page_container_layout":"default_layout","colormag_page_sidebar_layout":"default_layout","footnotes":""},"categories":[1],"tags":[],"class_list":["post-35360","post","type-post","status-publish","format-standard","has-post-thumbnail","hentry","category-actualidad"],"_links":{"self":[{"href":"https:\/\/grupotiempodigital.com.ar\/index.php?rest_route=\/wp\/v2\/posts\/35360","targetHints":{"allow":["GET"]}}],"collection":[{"href":"https:\/\/grupotiempodigital.com.ar\/index.php?rest_route=\/wp\/v2\/posts"}],"about":[{"href":"https:\/\/grupotiempodigital.com.ar\/index.php?rest_route=\/wp\/v2\/types\/post"}],"author":[{"embeddable":true,"href":"https:\/\/grupotiempodigital.com.ar\/index.php?rest_route=\/wp\/v2\/users\/3"}],"replies":[{"embeddable":true,"href":"https:\/\/grupotiempodigital.com.ar\/index.php?rest_route=%2Fwp%2Fv2%2Fcomments&post=35360"}],"version-history":[{"count":2,"href":"https:\/\/grupotiempodigital.com.ar\/index.php?rest_route=\/wp\/v2\/posts\/35360\/revisions"}],"predecessor-version":[{"id":35362,"href":"https:\/\/grupotiempodigital.com.ar\/index.php?rest_route=\/wp\/v2\/posts\/35360\/revisions\/35362"}],"wp:featuredmedia":[{"embeddable":true,"href":"https:\/\/grupotiempodigital.com.ar\/index.php?rest_route=\/wp\/v2\/media\/20607"}],"wp:attachment":[{"href":"https:\/\/grupotiempodigital.com.ar\/index.php?rest_route=%2Fwp%2Fv2%2Fmedia&parent=35360"}],"wp:term":[{"taxonomy":"category","embeddable":true,"href":"https:\/\/grupotiempodigital.com.ar\/index.php?rest_route=%2Fwp%2Fv2%2Fcategories&post=35360"},{"taxonomy":"post_tag","embeddable":true,"href":"https:\/\/grupotiempodigital.com.ar\/index.php?rest_route=%2Fwp%2Fv2%2Ftags&post=35360"}],"curies":[{"name":"wp","href":"https:\/\/api.w.org\/{rel}","templated":true}]}}