{"id":35352,"date":"2021-11-08T16:34:29","date_gmt":"2021-11-08T19:34:29","guid":{"rendered":"https:\/\/grupotiempodigital.com.ar\/?p=35352"},"modified":"2021-11-08T16:34:29","modified_gmt":"2021-11-08T19:34:29","slug":"laura-moujan-esta-gente-tiene-ganas-de-hacer-solo-lo-que-quiere-y-como-quieren-hacerlo-2","status":"publish","type":"post","link":"https:\/\/grupotiempodigital.com.ar\/?p=35352","title":{"rendered":"Laura Moujan: \u00bb Esta gente tiene ganas de hacer solo lo que quiere y como quieren hacerlo\u00bb"},"content":{"rendered":"<p>Laura Moujan candidata a Concejal en primer termino por Juntos X Chascom\u00fas dialog\u00f3 en la ma\u00f1ana del viernes por las radios de TIEMPO (Libres del Sur FM 90.1 Mhz de Chascom\u00fas en Ranchos La Palabra FM 90.7 Mhz y LV FM 90.1 Mhz de Loma Verde) por el debate que realizaron los diversos candidatos horas atr\u00e1s en Chascom\u00fas.<\/p>\n<p>\u00abEl formato se avis\u00f3 con tiempo, que no lo hayan entendido es otra cosa. Por ser el primero salio bien, se puede mejorar pero salio bien. Los tiempos siempre faltan, a mi me falto para contar las propuestas y a otros no le alcanz\u00f3 para zaracear. Hab\u00eda 2 minutos para la presentaci\u00f3n, y para cada eje hab\u00eda un tiempo de 3 minutos\u2026\u00bb dijo en referencia al debate llevado a cabo en el Brazzola d\u00edas atr\u00e1s.<\/p>\n<p>Sobre las propuestas que esta presentando desde el espacio para estas elecciones y que no pudo explayar en el debate Moujan coment\u00f3 \u00abNombrar las propuestas me llevar\u00edan 15 minutos, solo nombrarlas. Respecto a seguridad hay un proyecto para la comunal y la rural. Proyectamos ampliar las c\u00e1maras, trabajar con la polic\u00eda y la sociedad rural. En cuanto a Salud hay que renovar bastante el hospital, jerarquizar al personal. Hay que modificar las salas comunitarias. Otro de los proyectos es en infraestructura donde cada barrio tiene un porcentaje destinado para obras p\u00fablicas, donde los vecinos podr\u00e1n ver las obras v\u00edas Web. En cuanto a Turismo mejorar los ingresos a la ciudad. Fomentar el comercio del centro de la ciudad. Mejorar las concesiones que se est\u00e1n cayendo. Para los j\u00f3venes, dejar de hacer clientelismo y hacer capacitaciones para que accedan al primer trabajo haciendo convenio con las empresas\u2026\u00bb dijo la candidata.<\/p>\n<p>Al pregunt\u00e1rsele sobre si se han bajado los decibeles despu\u00e9s de las PASO en varias listas respondi\u00f3 \u00abLas 2 listas que van primera hacen la plancha porque ya aseguraron un lugar. Nosotros seguimos trabajando, despu\u00e9s de las PASO aumentamos el trabajo y tratamos de hacer que la gente vea las diferencias. No regalamos bolsitas de alimentos ni falsificamos firmas. Tengo la esperanza que aumente el caudal a favor nuestro, tenemos un gran equipo, preparado para trabajar aunque no entremos al concejo\u00bb<\/p>\n<p>En la ma\u00f1ana de este viernes se llev\u00f3 adelante una marcha por la instalaci\u00f3n de un basural de la ruta 20. Ante esta consulta replic\u00f3 \u00abEl reclamo es cada vez mas fuerte, y al escuchar a la candidata de Todos que dice que el basurero va a estar donde ellos dicen. Ellos no van a cambiar nada porque dicen que esta bien lo que plantean.<br \/>\nNo se si a esta gente le interesa escuchar a la otra gente. Cuando uno le plantea que a la cultura le den el 70 por ciento y cero para discapacidad se ve que tiene\u2026\u00bb cerr\u00f3 Laura Moujan<br \/>\nEncabeza la lista de Juntos x Chascom\u00fas y pelea por alcanzar el n\u00famero del que qued\u00f3 cerca en Las Paso para acceder a una banca.<\/p>\n<p>ESCUCHAR ENTREVISTA COMPLETA<br \/>\n<iframe loading=\"lazy\" src=\"https:\/\/drive.google.com\/file\/d\/1eXmnpV8snvemuoA0Qwh9wJtnHEhYJio_\/preview\" width=\"640\" height=\"480\"><\/iframe><\/p>\n","protected":false},"excerpt":{"rendered":"<p>Laura Moujan candidata a Concejal en primer termino por Juntos X Chascom\u00fas dialog\u00f3 en la ma\u00f1ana del viernes por las<\/p>\n","protected":false},"author":3,"featured_media":35353,"comment_status":"open","ping_status":"open","sticky":false,"template":"","format":"standard","meta":{"colormag_page_container_layout":"default_layout","colormag_page_sidebar_layout":"default_layout","footnotes":""},"categories":[1,45,38,43],"tags":[],"class_list":["post-35352","post","type-post","status-publish","format-standard","has-post-thumbnail","hentry","category-actualidad","category-chascomus","category-destacadas","category-notas-con-audio"],"_links":{"self":[{"href":"https:\/\/grupotiempodigital.com.ar\/index.php?rest_route=\/wp\/v2\/posts\/35352","targetHints":{"allow":["GET"]}}],"collection":[{"href":"https:\/\/grupotiempodigital.com.ar\/index.php?rest_route=\/wp\/v2\/posts"}],"about":[{"href":"https:\/\/grupotiempodigital.com.ar\/index.php?rest_route=\/wp\/v2\/types\/post"}],"author":[{"embeddable":true,"href":"https:\/\/grupotiempodigital.com.ar\/index.php?rest_route=\/wp\/v2\/users\/3"}],"replies":[{"embeddable":true,"href":"https:\/\/grupotiempodigital.com.ar\/index.php?rest_route=%2Fwp%2Fv2%2Fcomments&post=35352"}],"version-history":[{"count":2,"href":"https:\/\/grupotiempodigital.com.ar\/index.php?rest_route=\/wp\/v2\/posts\/35352\/revisions"}],"predecessor-version":[{"id":35355,"href":"https:\/\/grupotiempodigital.com.ar\/index.php?rest_route=\/wp\/v2\/posts\/35352\/revisions\/35355"}],"wp:featuredmedia":[{"embeddable":true,"href":"https:\/\/grupotiempodigital.com.ar\/index.php?rest_route=\/wp\/v2\/media\/35353"}],"wp:attachment":[{"href":"https:\/\/grupotiempodigital.com.ar\/index.php?rest_route=%2Fwp%2Fv2%2Fmedia&parent=35352"}],"wp:term":[{"taxonomy":"category","embeddable":true,"href":"https:\/\/grupotiempodigital.com.ar\/index.php?rest_route=%2Fwp%2Fv2%2Fcategories&post=35352"},{"taxonomy":"post_tag","embeddable":true,"href":"https:\/\/grupotiempodigital.com.ar\/index.php?rest_route=%2Fwp%2Fv2%2Ftags&post=35352"}],"curies":[{"name":"wp","href":"https:\/\/api.w.org\/{rel}","templated":true}]}}