{"id":35345,"date":"2021-11-08T14:59:21","date_gmt":"2021-11-08T17:59:21","guid":{"rendered":"https:\/\/grupotiempodigital.com.ar\/?p=35345"},"modified":"2021-11-08T14:59:55","modified_gmt":"2021-11-08T17:59:55","slug":"natalia-mama-de-una-de-las-nenas-golpeadas-por-milagro-no-fue-tragedia","status":"publish","type":"post","link":"https:\/\/grupotiempodigital.com.ar\/?p=35345","title":{"rendered":"Natalia mama de una de las nenas golpeadas: \u00bb Por milagro no fue tragedia\u00bb"},"content":{"rendered":"<p>En el transcurso de este fin de semana se conoci\u00f3 que un grupo de menores hab\u00eda golpeado a otras en la Plaza Independencia de Chascomusen.plena tarde del s\u00e1bado y en medio de un desfile. Por eso este Lunes en Tiempo de Radio ((Libres del Sur FM 90.1 Mhz de Chascom\u00fas en Ranchos La Palabra FM 90.7 Mhz y LV FM 90.1 Mhz de Loma Verde)) dialogamos con Natalia mama de una de las nenas golpeadas.<\/p>\n<p>\u00abElla llora cada vez que se ve, tiene el labio muy lastimado. Ella fue a la Plaza Independencia y entre 2 varones y 2 mujeres menores de edad le pegaban a su amiga. Ella va y le dice a una de las atacantes que le dejara de pegar y ah\u00ed la agarraron a ella y le pegaron patadas en la cara. Esto fue alrededor de las 16 Hs&#8230;.\u00bb coment\u00f3 la madre de la menor sobre la situaci\u00f3n que vivi\u00f3 su hija y su amiga y agreg\u00f3 \u00abNo tienen antecedentes, por lo menos con mi hija, van al mismo colegio pero no tienen relaci\u00f3n entre si. No fue una desgracia peor porque mi hija tuvo un Dios aparte, porque esta chica le peg\u00f3 y ella cay\u00f3 y pego la cabeza en el cord\u00f3n. A la familia no la conozco solo por comentarios&#8230;\u00bb<\/p>\n<p>Sobre la realizaci\u00f3n de una denuncia con restricci\u00f3n dijo \u00abyo por lo pronto voy a ir al colegio a avisar de la restricci\u00f3n, porque no se si al salir la van a volver a agarrar y eso me da mucho miedo y me come la cabeza. Yo me enter\u00e9 porque me llamo la t\u00eda de una amiga de mi hija que la encuentr\u00f3 porque esto se dio en el marco del desfile&#8230;\u00bb dijo Natalia en Tiempo de Radio<\/p>\n<p>Sobre como se siente explico \u00abYo la verdad que estoy indignada y no quiero que quede as\u00ed. Por m\u00e1s que son criaturas si seguimos as\u00ed esto termina mal. Yo ahora estoy cuidando a mi hija, porque tiene 3 puntos en el labio que hubo que aproximarle porque le faltaba un pedazo&#8230;\u00bb Sentencio Natalia<\/p>\n<p>En el final de la entrevista se le pregunt\u00f3 por los cuidados de su hija \u00abEl miedo mio esta, porque no quiero que salga, porque despu\u00e9s de la notificaci\u00f3n de la denuncia no se como van a reaccionar. Es mas le ped\u00ed a mis hijos que tengan cuidado\u00bb.<br \/>\nUn hecho aberrante que pudo ser tr\u00e1gico en medio de mucha gente que no atin\u00f3 siquiera a separar a los violentos que obten\u00edan mas de 14 o 15 a\u00f1os.<\/p>\n<p style=\"text-align: center;\"><strong>ESCUCHAR ENTREVISTA COMPLETA<\/strong><\/p>\n<p><iframe loading=\"lazy\" src=\"https:\/\/drive.google.com\/file\/d\/1Yavh1QDt9ubaSXyYJGHelKnhtWD3SCyF\/preview\" width=\"320\" height=\"80\" allow=\"autoplay\"><\/iframe><br \/>\n&nbsp;<\/p>\n","protected":false},"excerpt":{"rendered":"<p>En el transcurso de este fin de semana se conoci\u00f3 que un grupo de menores hab\u00eda golpeado a otras en<\/p>\n","protected":false},"author":3,"featured_media":15648,"comment_status":"open","ping_status":"open","sticky":false,"template":"","format":"standard","meta":{"colormag_page_container_layout":"default_layout","colormag_page_sidebar_layout":"default_layout","footnotes":""},"categories":[1,45,38,43],"tags":[],"class_list":["post-35345","post","type-post","status-publish","format-standard","has-post-thumbnail","hentry","category-actualidad","category-chascomus","category-destacadas","category-notas-con-audio"],"_links":{"self":[{"href":"https:\/\/grupotiempodigital.com.ar\/index.php?rest_route=\/wp\/v2\/posts\/35345","targetHints":{"allow":["GET"]}}],"collection":[{"href":"https:\/\/grupotiempodigital.com.ar\/index.php?rest_route=\/wp\/v2\/posts"}],"about":[{"href":"https:\/\/grupotiempodigital.com.ar\/index.php?rest_route=\/wp\/v2\/types\/post"}],"author":[{"embeddable":true,"href":"https:\/\/grupotiempodigital.com.ar\/index.php?rest_route=\/wp\/v2\/users\/3"}],"replies":[{"embeddable":true,"href":"https:\/\/grupotiempodigital.com.ar\/index.php?rest_route=%2Fwp%2Fv2%2Fcomments&post=35345"}],"version-history":[{"count":3,"href":"https:\/\/grupotiempodigital.com.ar\/index.php?rest_route=\/wp\/v2\/posts\/35345\/revisions"}],"predecessor-version":[{"id":35348,"href":"https:\/\/grupotiempodigital.com.ar\/index.php?rest_route=\/wp\/v2\/posts\/35345\/revisions\/35348"}],"wp:featuredmedia":[{"embeddable":true,"href":"https:\/\/grupotiempodigital.com.ar\/index.php?rest_route=\/wp\/v2\/media\/15648"}],"wp:attachment":[{"href":"https:\/\/grupotiempodigital.com.ar\/index.php?rest_route=%2Fwp%2Fv2%2Fmedia&parent=35345"}],"wp:term":[{"taxonomy":"category","embeddable":true,"href":"https:\/\/grupotiempodigital.com.ar\/index.php?rest_route=%2Fwp%2Fv2%2Fcategories&post=35345"},{"taxonomy":"post_tag","embeddable":true,"href":"https:\/\/grupotiempodigital.com.ar\/index.php?rest_route=%2Fwp%2Fv2%2Ftags&post=35345"}],"curies":[{"name":"wp","href":"https:\/\/api.w.org\/{rel}","templated":true}]}}