{"id":35332,"date":"2021-11-08T08:58:18","date_gmt":"2021-11-08T11:58:18","guid":{"rendered":"https:\/\/grupotiempodigital.com.ar\/?p=35332"},"modified":"2021-11-08T08:58:57","modified_gmt":"2021-11-08T11:58:57","slug":"editorial-un-voto-para-darle-al-cesar-lo-que-es-del-cesar","status":"publish","type":"post","link":"https:\/\/grupotiempodigital.com.ar\/?p=35332","title":{"rendered":"Editorial: Un voto para darle al C\u00e9sar lo que es del C\u00e9sar"},"content":{"rendered":"<p>\u00abCon la democracia, se come, se cura y se educa\u201d grab\u00f3 para la historia Ra\u00fal Alfons\u00edn en sus memorables discursos de campa\u00f1a en el retorno del sistema institucional.<br \/>\nPasaron cuarenta a\u00f1os desde entonces, y mal que nos pese, la figura que transmit\u00eda el presidente de Chascom\u00fas lejos estuvo de reflejarse en la vida argentina.<br \/>\nDesde 1983 hasta ac\u00e1, todos los \u00edndices que marcan la calidad de vida de los ciudadanos han empeorado y en casos a grados superlativos. Desde la alimentaci\u00f3n b\u00e1sica de ni\u00f1os y adultos, pasando por la atenci\u00f3n de la salud, la Educaci\u00f3n, la Justicia, la Seguridad, y hasta la convivencia ha sufrido un deterioro de tal magnitud, que si no fuera porque mantenemos a\u00fan un grado de sobriedad intelectual, ya estar\u00edamos contradiciendo brutalmente a aqu\u00e9l presidente y gritando \u201c la democracia nos mata de hambre, nos enferma y nos embrutece\u201d.<br \/>\nA\u00fan queda un resto de equilibrio para no llegar con las culpas de forma directa ah\u00ed. Pero, dato mata relato y la frialdad de la realidad no logra ser explicada claramente por la dirigencia de ning\u00fan espacio pol\u00edtico de los que se repartieron la responsabilidad de gobernar en estas cuatro d\u00e9cadas.<br \/>\nNinguno es culpable de nada seg\u00fan sus confesiones. De ser as\u00ed: \u00bf Cu\u00e1nto falta entonces para que la gente crea que si la culpa no es de quienes han gobernado, entonces es el sistema el que falla?.<br \/>\nNadie parece comprender el riesgo y la magnitud de lo que afirmamos.<br \/>\nPor suerte, a\u00fan siguen apareciendo emergentes pol\u00edticos que a\u00fan declamando contra el sistema, juegan dentro de \u00e9l, y no deber\u00eda sorprender que en poco tiempo se conviertan en las figuras atractivas elec-torales de un muy buen porcentaje de los votantes.<br \/>\nA\u00fan hay por donde canalizar la decepci\u00f3n. \u00bfCu\u00e1nto tiempo mas ocurrir\u00e1 esto?.<br \/>\nLa restante cuesti\u00f3n que ha decidido los resultados en estas cuatro d\u00e9cadas ha sido la del pueblo. El so-berano y sus formas de razonar sus votos y con ellos a quienes han encumbrado en el poder. Ya es muy claro que aquello de que \u201cel pueblo nunca se equivoca\u201d es tan demag\u00f3gico que no admite sostenimientos fundados. La democracia retorn\u00f3 con los \u201cismos\u201d instalados en la opini\u00f3n p\u00fablica. La atenci\u00f3n la con-centraban casi con exclusividad el PeronISMO y el RadicalISMO. Se ir\u00eda sumando luego una porci\u00f3n de LiberalISMO y siempre una representaci\u00f3n de la izquierda que tiene muy cerca su piso de su techo.<br \/>\nHan pasado cuarenta a\u00f1os, y un porcentaje importante de la sociedad (muchos menos que antes por suerte) siguen votando por esas pertenencias. \u201cYo me voy a morir votando al peronismo\u201d piensan muchos que seguramente defendieron en su momento a dirigentes como Pichetto, Joaqu\u00edn de la Torre o tantos y tantos \u201ccompa\u00f1eros\u201d que hoy est\u00e1n en otro lado. Y que hablar de los radicales que \u201cse quiebre pero que no se doble\u201d militando a sus Moreau, sus Ricardito Alfons\u00edn o a su joven \u201cSantoro\u201d.<br \/>\nY los \u201cgorilones\u201d hoy en Juntos, con su presidenta \u201cmonto\u201d Patricia Bullrich, o sus peronistas Monz\u00f3, Santilli o el propio Pichetto en la f\u00f3rmula presidencial. Del actual peronismo, mejor ni hablar: desde que tuvo hasta hace poco al Ucede\u00edsta Gray como presidente del poderoso PJ bonaerense, pasando por el tambi\u00e9n alumno de Alsogaray Sergio Massa hoy convertido en socio fundamental del gobierno que encabeza el Cavallista Alberto Fern\u00e1ndez hay de todo. \u201cEse viejo de m\u2026..\u201d dijo no hace tanto la propia Cristina Kirchner del general Per\u00f3n.<br \/>\nEn fin. \u00bfC\u00f3mo explica la sociedad que al decir yo mantengo mi ideolog\u00eda no hace mas que mentirse a si mismo y defender a los que denostaba hace unos a\u00f1os y enfrentar y castigar con su voto a los que hasta ayer defend\u00eda casi con su vida?.<br \/>\n\u00bf Es tan dif\u00edcil hacer comprender que el \u00fanico ISMO que queda es el personalISMO?. Y que en ese \u201cmenjunje\u201d que se ha convertido es IMPRESCINDIBLE pensar el voto de otra forma.<br \/>\nEsta candidata\/o me convence con su propuesta clara sobre el futuro del pa\u00eds y \u00bfQu\u00e9 mas tengo que buscar para acompa\u00f1arla con mi voto? \u00bfTiene que pertenecer al ISMO que yo milit\u00e9 en el pasado?. Ahh\u2026bueno. Pues entonces h\u00e1gase cargo.<br \/>\nLo mismo ocurre con los gobiernos. \u00bfHay otra raz\u00f3n mas valedera para darles su voto o neg\u00e1rselos que los reales resultados de su misi\u00f3n? \u00bf Qu\u00e9 es eso de \u201cbuscarles justificativos\u201d si son de mi ISMO para seguir vot\u00e1ndolos pese a sus fracasos?. Y de igual modo a la inversa: Si esa gesti\u00f3n al momento de juzgarla no me indica otra cosa que transparencia, efectividad, progreso y mucho esfuerzo por ganarse el salario, \u00bfQu\u00e9 me impide acompa\u00f1arlo? \u00bfQue sea o no de mi ISMO?.<br \/>\nEsto hemos hecho las mayor\u00edas en esta democracia. En el a\u00f1o 2019 con las elecciones presidenciales ganadas por el F. de Todos, infinidad de municipios cambiaron de signo y se tornaron del color de la naci\u00f3n. En las recientes PASO, en el interior bonaerense m\u00e1s del 95 % de esos municipios volvieron a convertirse en amarillos en consonancia con la direcci\u00f3n de la provincia y el pa\u00eds. Nadie discute esto puntualmente, pero la pregunta es obvia: En el momento en que el pueblo considera que determinado gobierno nacional o provincial no est\u00e1 haciendo bien las cosas auto-m\u00e1ticamente hace extensivo ese castigo al gobierno de su pueblo como si todos tuvieran que ser pro-porcionalmente malos a su gobernador o presidente?. Vale el interrogante de ida y vuelta. Buenos porque gan\u00f3 el gobernador de su ISMO. Y malos porque ese mismo gobernador perdi\u00f3 en las urnas.<br \/>\nDe esta responsabilidad costumbrista no se puede buscar culpables por otros lados. No es tan complejo que el ciudadano advierta quien gobierna de su lado y quien no pudo, no supo o no quiso hacerlo bien. Y de tal manera decidir votarlo a favor o en contra. De los otros candidatos de su ISMO, hacer lo propio por los m\u00e9ritos o los errores de ellos.<br \/>\nPara actuar coherentemente y en consecuencia, a veces, lo \u00fanico que hace falta es una tijera y de tal modo, darle al C\u00e9sar lo que es del C\u00e9sar.<br \/>\nComo Jes\u00fas les respondi\u00f3 a los fariseos y herodianos intrigados por saber como repart\u00edan sus tributos.<\/p>\n<p>&nbsp;<\/p>\n<p>(Editorial publicada en la edici\u00f3n de TIEMPO de Ranchos del 05 de noviembre de 2021)<\/p>\n","protected":false},"excerpt":{"rendered":"<p>\u00abCon la democracia, se come, se cura y se educa\u201d grab\u00f3 para la historia Ra\u00fal Alfons\u00edn en sus memorables discursos<\/p>\n","protected":false},"author":3,"featured_media":17784,"comment_status":"open","ping_status":"open","sticky":false,"template":"","format":"standard","meta":{"colormag_page_container_layout":"default_layout","colormag_page_sidebar_layout":"default_layout","footnotes":""},"categories":[1],"tags":[],"class_list":["post-35332","post","type-post","status-publish","format-standard","has-post-thumbnail","hentry","category-actualidad"],"_links":{"self":[{"href":"https:\/\/grupotiempodigital.com.ar\/index.php?rest_route=\/wp\/v2\/posts\/35332","targetHints":{"allow":["GET"]}}],"collection":[{"href":"https:\/\/grupotiempodigital.com.ar\/index.php?rest_route=\/wp\/v2\/posts"}],"about":[{"href":"https:\/\/grupotiempodigital.com.ar\/index.php?rest_route=\/wp\/v2\/types\/post"}],"author":[{"embeddable":true,"href":"https:\/\/grupotiempodigital.com.ar\/index.php?rest_route=\/wp\/v2\/users\/3"}],"replies":[{"embeddable":true,"href":"https:\/\/grupotiempodigital.com.ar\/index.php?rest_route=%2Fwp%2Fv2%2Fcomments&post=35332"}],"version-history":[{"count":3,"href":"https:\/\/grupotiempodigital.com.ar\/index.php?rest_route=\/wp\/v2\/posts\/35332\/revisions"}],"predecessor-version":[{"id":35335,"href":"https:\/\/grupotiempodigital.com.ar\/index.php?rest_route=\/wp\/v2\/posts\/35332\/revisions\/35335"}],"wp:featuredmedia":[{"embeddable":true,"href":"https:\/\/grupotiempodigital.com.ar\/index.php?rest_route=\/wp\/v2\/media\/17784"}],"wp:attachment":[{"href":"https:\/\/grupotiempodigital.com.ar\/index.php?rest_route=%2Fwp%2Fv2%2Fmedia&parent=35332"}],"wp:term":[{"taxonomy":"category","embeddable":true,"href":"https:\/\/grupotiempodigital.com.ar\/index.php?rest_route=%2Fwp%2Fv2%2Fcategories&post=35332"},{"taxonomy":"post_tag","embeddable":true,"href":"https:\/\/grupotiempodigital.com.ar\/index.php?rest_route=%2Fwp%2Fv2%2Ftags&post=35332"}],"curies":[{"name":"wp","href":"https:\/\/api.w.org\/{rel}","templated":true}]}}