{"id":35324,"date":"2021-11-08T08:45:46","date_gmt":"2021-11-08T11:45:46","guid":{"rendered":"https:\/\/grupotiempodigital.com.ar\/?p=35324"},"modified":"2021-11-08T08:46:47","modified_gmt":"2021-11-08T11:46:47","slug":"alan-porcel-en-catamarca-y-braian-ferreyra-en-pringles","status":"publish","type":"post","link":"https:\/\/grupotiempodigital.com.ar\/?p=35324","title":{"rendered":"ALAN PORCEL EN CATAMARCA Y BRAIAN FERREYRA EN PRINGLES"},"content":{"rendered":"<div class=\"kvgmc6g5 cxmmr5t8 oygrvhab hcukyx3x c1et5uql ii04i59q\">\n<div dir=\"auto\">Tal como lo anunciamos horas atr\u00e1s, Alan Porcel se presentaba en el marco de la octava fecha puntuable del campeonato Argentino de Rally dentro de la RC3 como navegante del entrerriano Juan Soria.<\/div>\n<div dir=\"auto\">Lamentablemente en la primera etapa el motor del Toyota Etios dijo basta y dej\u00f3 al binomio con las manos vac\u00edas. A pesar de ello el equipo de Pelaez rally PPRT, trabaj\u00f3 para poner un impulsor nuevo y poder largar el segundo d\u00eda de competencia y buscar la mayor cantidad de puntos. As\u00ed fue que Soria-Porcel pudieron completar el recorrido del domingo y finalizar en la sexta posici\u00f3n de la etapa dentro de la categor\u00eda.<\/div>\n<\/div>\n<div class=\"o9v6fnle cxmmr5t8 oygrvhab hcukyx3x c1et5uql ii04i59q\">\n<div dir=\"auto\"><strong>Braian Ferreyra en el Bonaerense.<\/strong><\/div>\n<div dir=\"auto\">El rally Bonaerense corri\u00f3 la 47 edici\u00f3n del Rally de Coronel Pringles y all\u00ed Braian Ferreyra, dando continuidad a un a\u00f1o que lo ha tenido como activo participante en la butaca derecha de los distintos campeonatos, estuvo nuevamente corriendo junto a Alejandro Mendoza dentro de la clase N2.<\/div>\n<div dir=\"auto\">En esta oportunidad los mencionados finalizaron 12* en una de las clases m\u00e1s nutridas del campeonato.<\/div>\n<div dir=\"auto\"><strong>EL MAR Y SIERRAS CORRER\u00c1 EN CASTELLI.<\/strong><\/div>\n<div dir=\"auto\">Finalmente durante la tarde de este domingo, las autoridades del Rally Mar y Sierras confirmaron que la pen\u00faltima del a\u00f1o se desarrolla en Castelli, los d\u00edas 19,20 y 21 del corriente.<\/div>\n<div dir=\"auto\"><span class=\"pq6dq46d tbxw36s4 knj5qynh kvgmc6g5 ditlmg2l oygrvhab nvdbi5me sf5mxxl7 gl3lb2sf hhz5lgdu\"><img loading=\"lazy\" decoding=\"async\" src=\"https:\/\/static.xx.fbcdn.net\/images\/emoji.php\/v9\/tde\/1\/16\/1f4f8.png\" alt=\"\ud83d\udcf8\" width=\"16\" height=\"16\" \/><\/span>Renzo Carletti.<\/div>\n<div dir=\"auto\"><a href=\"https:\/\/grupotiempodigital.com.ar\/wp-content\/uploads\/2021\/11\/2-1.jpg\"><img loading=\"lazy\" decoding=\"async\" class=\"aligncenter size-full wp-image-35327\" src=\"https:\/\/grupotiempodigital.com.ar\/wp-content\/uploads\/2021\/11\/2-1.jpg\" alt=\"\" width=\"960\" height=\"640\" srcset=\"https:\/\/grupotiempodigital.com.ar\/wp-content\/uploads\/2021\/11\/2-1.jpg 960w, https:\/\/grupotiempodigital.com.ar\/wp-content\/uploads\/2021\/11\/2-1-300x200.jpg 300w, https:\/\/grupotiempodigital.com.ar\/wp-content\/uploads\/2021\/11\/2-1-768x512.jpg 768w\" sizes=\"auto, (max-width: 960px) 100vw, 960px\" \/><\/a><a href=\"https:\/\/grupotiempodigital.com.ar\/wp-content\/uploads\/2021\/11\/3.jpg\"><img loading=\"lazy\" decoding=\"async\" class=\"aligncenter size-full wp-image-35328\" src=\"https:\/\/grupotiempodigital.com.ar\/wp-content\/uploads\/2021\/11\/3.jpg\" alt=\"\" width=\"960\" height=\"640\" srcset=\"https:\/\/grupotiempodigital.com.ar\/wp-content\/uploads\/2021\/11\/3.jpg 960w, https:\/\/grupotiempodigital.com.ar\/wp-content\/uploads\/2021\/11\/3-300x200.jpg 300w, https:\/\/grupotiempodigital.com.ar\/wp-content\/uploads\/2021\/11\/3-768x512.jpg 768w\" sizes=\"auto, (max-width: 960px) 100vw, 960px\" \/><\/a><a href=\"https:\/\/grupotiempodigital.com.ar\/wp-content\/uploads\/2021\/11\/4.jpg\"><img loading=\"lazy\" decoding=\"async\" class=\"aligncenter size-full wp-image-35329\" src=\"https:\/\/grupotiempodigital.com.ar\/wp-content\/uploads\/2021\/11\/4.jpg\" alt=\"\" width=\"960\" height=\"641\" srcset=\"https:\/\/grupotiempodigital.com.ar\/wp-content\/uploads\/2021\/11\/4.jpg 960w, https:\/\/grupotiempodigital.com.ar\/wp-content\/uploads\/2021\/11\/4-300x200.jpg 300w, https:\/\/grupotiempodigital.com.ar\/wp-content\/uploads\/2021\/11\/4-768x513.jpg 768w\" sizes=\"auto, (max-width: 960px) 100vw, 960px\" \/><\/a><\/div>\n<\/div>\n","protected":false},"excerpt":{"rendered":"<p>Tal como lo anunciamos horas atr\u00e1s, Alan Porcel se presentaba en el marco de la octava fecha puntuable del campeonato<\/p>\n","protected":false},"author":3,"featured_media":35326,"comment_status":"open","ping_status":"open","sticky":false,"template":"","format":"standard","meta":{"colormag_page_container_layout":"default_layout","colormag_page_sidebar_layout":"default_layout","footnotes":""},"categories":[1],"tags":[],"class_list":["post-35324","post","type-post","status-publish","format-standard","has-post-thumbnail","hentry","category-actualidad"],"_links":{"self":[{"href":"https:\/\/grupotiempodigital.com.ar\/index.php?rest_route=\/wp\/v2\/posts\/35324","targetHints":{"allow":["GET"]}}],"collection":[{"href":"https:\/\/grupotiempodigital.com.ar\/index.php?rest_route=\/wp\/v2\/posts"}],"about":[{"href":"https:\/\/grupotiempodigital.com.ar\/index.php?rest_route=\/wp\/v2\/types\/post"}],"author":[{"embeddable":true,"href":"https:\/\/grupotiempodigital.com.ar\/index.php?rest_route=\/wp\/v2\/users\/3"}],"replies":[{"embeddable":true,"href":"https:\/\/grupotiempodigital.com.ar\/index.php?rest_route=%2Fwp%2Fv2%2Fcomments&post=35324"}],"version-history":[{"count":3,"href":"https:\/\/grupotiempodigital.com.ar\/index.php?rest_route=\/wp\/v2\/posts\/35324\/revisions"}],"predecessor-version":[{"id":35331,"href":"https:\/\/grupotiempodigital.com.ar\/index.php?rest_route=\/wp\/v2\/posts\/35324\/revisions\/35331"}],"wp:featuredmedia":[{"embeddable":true,"href":"https:\/\/grupotiempodigital.com.ar\/index.php?rest_route=\/wp\/v2\/media\/35326"}],"wp:attachment":[{"href":"https:\/\/grupotiempodigital.com.ar\/index.php?rest_route=%2Fwp%2Fv2%2Fmedia&parent=35324"}],"wp:term":[{"taxonomy":"category","embeddable":true,"href":"https:\/\/grupotiempodigital.com.ar\/index.php?rest_route=%2Fwp%2Fv2%2Fcategories&post=35324"},{"taxonomy":"post_tag","embeddable":true,"href":"https:\/\/grupotiempodigital.com.ar\/index.php?rest_route=%2Fwp%2Fv2%2Ftags&post=35324"}],"curies":[{"name":"wp","href":"https:\/\/api.w.org\/{rel}","templated":true}]}}