{"id":35299,"date":"2021-11-05T17:44:00","date_gmt":"2021-11-05T20:44:00","guid":{"rendered":"https:\/\/grupotiempodigital.com.ar\/?p=35299"},"modified":"2021-11-05T19:59:24","modified_gmt":"2021-11-05T22:59:24","slug":"alan-porcel-inscribe-su-nombre-en-el-rally-argentino","status":"publish","type":"post","link":"https:\/\/grupotiempodigital.com.ar\/?p=35299","title":{"rendered":"ALAN PORCEL INSCRIBE SU NOMBRE EN EL RALLY ARGENTINO"},"content":{"rendered":"<p>San Fernando del Valle de Catamarca es la sede de la octava fecha de la temporada del Rally Argentino y Alan Porcel inscribir\u00e1 su nombre en la lista de rancheros que han formado parte de, al menos una carrera dentro de la m\u00e1xima categor\u00eda del rally en nuestro Pa\u00eds.<br \/>\nAlan ser\u00e1 navegante del entrerriano Juan Soria en la clase RC3 a bordo del Toyota Etios, teniendo as\u00ed un lindo desaf\u00edo sobre los pintorescos caminos catamarque\u00f1os. 13 son las pruebas especiales diagramadas; 6 se disputar\u00e1n el s\u00e1bado y las restantes el domingo, finalizando con el s\u00faper especial \u00abCiudad de Catamarca II\u00bb.<br \/>\nLas im\u00e1genes (gentileza de Alan) nos muestran al binomio en el d\u00eda de pruebas y el auto en el parque de asistencia del Predio Ferial.<\/p>\n<p><strong>Informe de Marcelo Robertson \u2013 Presentado por CEFA Srl. Acopio de Cereales<\/strong><\/p>\n<p><a href=\"https:\/\/grupotiempodigital.com.ar\/wp-content\/uploads\/2021\/11\/WhatsApp-Image-2021-11-05-at-17.37.30.jpeg\"><img loading=\"lazy\" decoding=\"async\" class=\"aligncenter size-full wp-image-35301\" src=\"https:\/\/grupotiempodigital.com.ar\/wp-content\/uploads\/2021\/11\/WhatsApp-Image-2021-11-05-at-17.37.30.jpeg\" alt=\"\" width=\"1600\" height=\"900\" srcset=\"https:\/\/grupotiempodigital.com.ar\/wp-content\/uploads\/2021\/11\/WhatsApp-Image-2021-11-05-at-17.37.30.jpeg 1600w, https:\/\/grupotiempodigital.com.ar\/wp-content\/uploads\/2021\/11\/WhatsApp-Image-2021-11-05-at-17.37.30-300x169.jpeg 300w, https:\/\/grupotiempodigital.com.ar\/wp-content\/uploads\/2021\/11\/WhatsApp-Image-2021-11-05-at-17.37.30-1024x576.jpeg 1024w, https:\/\/grupotiempodigital.com.ar\/wp-content\/uploads\/2021\/11\/WhatsApp-Image-2021-11-05-at-17.37.30-768x432.jpeg 768w, https:\/\/grupotiempodigital.com.ar\/wp-content\/uploads\/2021\/11\/WhatsApp-Image-2021-11-05-at-17.37.30-1536x864.jpeg 1536w, https:\/\/grupotiempodigital.com.ar\/wp-content\/uploads\/2021\/11\/WhatsApp-Image-2021-11-05-at-17.37.30-1140x641.jpeg 1140w, https:\/\/grupotiempodigital.com.ar\/wp-content\/uploads\/2021\/11\/WhatsApp-Image-2021-11-05-at-17.37.30-720x405.jpeg 720w\" sizes=\"auto, (max-width: 1600px) 100vw, 1600px\" \/><\/a> <a href=\"https:\/\/grupotiempodigital.com.ar\/wp-content\/uploads\/2021\/11\/WhatsApp-Image-2021-11-05-at-17.37.30-1.jpeg\"><img loading=\"lazy\" decoding=\"async\" class=\"aligncenter size-full wp-image-35302\" src=\"https:\/\/grupotiempodigital.com.ar\/wp-content\/uploads\/2021\/11\/WhatsApp-Image-2021-11-05-at-17.37.30-1.jpeg\" alt=\"\" width=\"900\" height=\"1600\" srcset=\"https:\/\/grupotiempodigital.com.ar\/wp-content\/uploads\/2021\/11\/WhatsApp-Image-2021-11-05-at-17.37.30-1.jpeg 900w, https:\/\/grupotiempodigital.com.ar\/wp-content\/uploads\/2021\/11\/WhatsApp-Image-2021-11-05-at-17.37.30-1-169x300.jpeg 169w, https:\/\/grupotiempodigital.com.ar\/wp-content\/uploads\/2021\/11\/WhatsApp-Image-2021-11-05-at-17.37.30-1-576x1024.jpeg 576w, https:\/\/grupotiempodigital.com.ar\/wp-content\/uploads\/2021\/11\/WhatsApp-Image-2021-11-05-at-17.37.30-1-768x1365.jpeg 768w, https:\/\/grupotiempodigital.com.ar\/wp-content\/uploads\/2021\/11\/WhatsApp-Image-2021-11-05-at-17.37.30-1-864x1536.jpeg 864w\" sizes=\"auto, (max-width: 900px) 100vw, 900px\" \/><\/a><\/p>\n","protected":false},"excerpt":{"rendered":"<p>San Fernando del Valle de Catamarca es la sede de la octava fecha de la temporada del Rally Argentino y<\/p>\n","protected":false},"author":3,"featured_media":35302,"comment_status":"open","ping_status":"open","sticky":false,"template":"","format":"standard","meta":{"colormag_page_container_layout":"default_layout","colormag_page_sidebar_layout":"default_layout","footnotes":""},"categories":[1,5,38,44],"tags":[],"class_list":["post-35299","post","type-post","status-publish","format-standard","has-post-thumbnail","hentry","category-actualidad","category-deportivas","category-destacadas","category-general-paz"],"_links":{"self":[{"href":"https:\/\/grupotiempodigital.com.ar\/index.php?rest_route=\/wp\/v2\/posts\/35299","targetHints":{"allow":["GET"]}}],"collection":[{"href":"https:\/\/grupotiempodigital.com.ar\/index.php?rest_route=\/wp\/v2\/posts"}],"about":[{"href":"https:\/\/grupotiempodigital.com.ar\/index.php?rest_route=\/wp\/v2\/types\/post"}],"author":[{"embeddable":true,"href":"https:\/\/grupotiempodigital.com.ar\/index.php?rest_route=\/wp\/v2\/users\/3"}],"replies":[{"embeddable":true,"href":"https:\/\/grupotiempodigital.com.ar\/index.php?rest_route=%2Fwp%2Fv2%2Fcomments&post=35299"}],"version-history":[{"count":4,"href":"https:\/\/grupotiempodigital.com.ar\/index.php?rest_route=\/wp\/v2\/posts\/35299\/revisions"}],"predecessor-version":[{"id":35306,"href":"https:\/\/grupotiempodigital.com.ar\/index.php?rest_route=\/wp\/v2\/posts\/35299\/revisions\/35306"}],"wp:featuredmedia":[{"embeddable":true,"href":"https:\/\/grupotiempodigital.com.ar\/index.php?rest_route=\/wp\/v2\/media\/35302"}],"wp:attachment":[{"href":"https:\/\/grupotiempodigital.com.ar\/index.php?rest_route=%2Fwp%2Fv2%2Fmedia&parent=35299"}],"wp:term":[{"taxonomy":"category","embeddable":true,"href":"https:\/\/grupotiempodigital.com.ar\/index.php?rest_route=%2Fwp%2Fv2%2Fcategories&post=35299"},{"taxonomy":"post_tag","embeddable":true,"href":"https:\/\/grupotiempodigital.com.ar\/index.php?rest_route=%2Fwp%2Fv2%2Ftags&post=35299"}],"curies":[{"name":"wp","href":"https:\/\/api.w.org\/{rel}","templated":true}]}}