{"id":35295,"date":"2021-11-05T17:41:55","date_gmt":"2021-11-05T20:41:55","guid":{"rendered":"https:\/\/grupotiempodigital.com.ar\/?p=35295"},"modified":"2021-11-05T17:41:55","modified_gmt":"2021-11-05T20:41:55","slug":"la-delegacion-de-general-paz-ya-se-encuentra-en-mar-del-plata","status":"publish","type":"post","link":"https:\/\/grupotiempodigital.com.ar\/?p=35295","title":{"rendered":"LA DELEGACI\u00d3N DE GENERAL PAZ YA SE ENCUENTRA EN MAR DEL PLATA"},"content":{"rendered":"<p>Esta ma\u00f1ana, los j\u00f3venes deportistas y profesores que representar\u00e1n a General Paz en la etapa provincial de los Juegos Bonaerenses 2021 viaj\u00f3 hacia Mar del Plata. Alrededor de las 11:30 hs. arribaron a la ciudad costera para realizar el registro en el Gran Hotel Provincial, mientras que los encargados del\u00a0 realizaron las pertinentes acreditaciones para la competici\u00f3n.<\/p>\n<p>Desde las 13:30 hs. participan dea Ceremonia Inaugural de la 30\u00b0 Edici\u00f3n de la competici\u00f3n, en la plazoleta Almirante Brown.<\/p>\n<p>&nbsp;<\/p>\n<p><strong>MUNICIPALIDAD DE GENERAL PAZ<\/strong><\/p>\n<p><strong>Estamos cambiando por vos<\/strong><\/p>\n","protected":false},"excerpt":{"rendered":"<p>Esta ma\u00f1ana, los j\u00f3venes deportistas y profesores que representar\u00e1n a General Paz en la etapa provincial de los Juegos Bonaerenses<\/p>\n","protected":false},"author":3,"featured_media":35297,"comment_status":"open","ping_status":"open","sticky":false,"template":"","format":"standard","meta":{"colormag_page_container_layout":"default_layout","colormag_page_sidebar_layout":"default_layout","footnotes":""},"categories":[1,5,38,44],"tags":[],"class_list":["post-35295","post","type-post","status-publish","format-standard","has-post-thumbnail","hentry","category-actualidad","category-deportivas","category-destacadas","category-general-paz"],"_links":{"self":[{"href":"https:\/\/grupotiempodigital.com.ar\/index.php?rest_route=\/wp\/v2\/posts\/35295","targetHints":{"allow":["GET"]}}],"collection":[{"href":"https:\/\/grupotiempodigital.com.ar\/index.php?rest_route=\/wp\/v2\/posts"}],"about":[{"href":"https:\/\/grupotiempodigital.com.ar\/index.php?rest_route=\/wp\/v2\/types\/post"}],"author":[{"embeddable":true,"href":"https:\/\/grupotiempodigital.com.ar\/index.php?rest_route=\/wp\/v2\/users\/3"}],"replies":[{"embeddable":true,"href":"https:\/\/grupotiempodigital.com.ar\/index.php?rest_route=%2Fwp%2Fv2%2Fcomments&post=35295"}],"version-history":[{"count":2,"href":"https:\/\/grupotiempodigital.com.ar\/index.php?rest_route=\/wp\/v2\/posts\/35295\/revisions"}],"predecessor-version":[{"id":35298,"href":"https:\/\/grupotiempodigital.com.ar\/index.php?rest_route=\/wp\/v2\/posts\/35295\/revisions\/35298"}],"wp:featuredmedia":[{"embeddable":true,"href":"https:\/\/grupotiempodigital.com.ar\/index.php?rest_route=\/wp\/v2\/media\/35297"}],"wp:attachment":[{"href":"https:\/\/grupotiempodigital.com.ar\/index.php?rest_route=%2Fwp%2Fv2%2Fmedia&parent=35295"}],"wp:term":[{"taxonomy":"category","embeddable":true,"href":"https:\/\/grupotiempodigital.com.ar\/index.php?rest_route=%2Fwp%2Fv2%2Fcategories&post=35295"},{"taxonomy":"post_tag","embeddable":true,"href":"https:\/\/grupotiempodigital.com.ar\/index.php?rest_route=%2Fwp%2Fv2%2Ftags&post=35295"}],"curies":[{"name":"wp","href":"https:\/\/api.w.org\/{rel}","templated":true}]}}