{"id":35237,"date":"2021-11-03T13:24:00","date_gmt":"2021-11-03T16:24:00","guid":{"rendered":"https:\/\/grupotiempodigital.com.ar\/?p=35237"},"modified":"2021-11-03T13:24:00","modified_gmt":"2021-11-03T16:24:00","slug":"el-intendente-recibio-a-los-jovenes-clasificados-a-la-etapa-provincial-de-los-juegos-bonaerenses","status":"publish","type":"post","link":"https:\/\/grupotiempodigital.com.ar\/?p=35237","title":{"rendered":"EL INTENDENTE RECIBI\u00d3 A LOS J\u00d3VENES CLASIFICADOS A LA ETAPA PROVINCIAL DE LOS JUEGOS BONAERENSES"},"content":{"rendered":"<p>En la tarde de ayer, el Intendente Municipal Juan Manuel Alvarez recibi\u00f3 en su desapacho a la delegaci\u00f3n que representar\u00e1 al distrito en la etapa provincial de los Juegos Bonaerenses 2021, a partir del pr\u00f3ximo viernes en la la ciudad de Mar del Plata.<br \/>\nJunto a los trece ni\u00f1os y adolescentes clasificados, padres y los profesores, compartieron un grato momento, en el que el Jefe Comunal aprovech\u00f3 la oportunidad para felicitarlos por el logro obtenido y desearles suerte en la competencia provincial.<br \/>\nLa delegaci\u00f3n de j\u00f3venes deportistas que representar\u00e1 a General Paz est\u00e1 conformada por los siguientes nombres:<br \/>\n<strong>Atletismo:<\/strong><br \/>\nBrian Oporto: Lanzamiento de Bala<br \/>\nFlorencia Sequeira: Lanzamiento de Bala<br \/>\nNaara Sequeira: Lanzamiento de Bala<br \/>\nMartin Eichel: Lanzamiento de Martillo<br \/>\nMiqueas Gim\u00e9nez: Lanzamiento de Disco<br \/>\nAlexis Pared: Lanzamiento de Jabalina<br \/>\nDemi\u00e1n Aranda: Lanzamiento de Jabalina<br \/>\nUriel Badano: 1500 Mts.<\/p>\n<p>Profesores: Eugenia Moyano y Mat\u00edas Gago<br \/>\n<strong>Tenis:<\/strong><br \/>\nTomas Castillo: Tenis Single<br \/>\nMia Gim\u00e9nez y Ludmila Morales: Tenis Doble<br \/>\nProfesor: \u00c1ngel Godoy<br \/>\n<strong>Beach Voley:<\/strong><br \/>\nTiara Santalucia y Pilar Duran<br \/>\nProfesor: Nicol\u00e1s Rey<\/p>\n<p style=\"text-align: center;\"><strong>MUNICIPALIDAD DE GENERAL PAZ<\/strong><br \/>\n<strong>Estamos cambiando por vos<\/strong><\/p>\n<div id='gallery-1' class='gallery galleryid-35237 gallery-columns-2 gallery-size-full'><figure class='gallery-item'>\n\t\t\t<div class='gallery-icon landscape'>\n\t\t\t\t<a href='https:\/\/grupotiempodigital.com.ar\/?attachment_id=35235'><img loading=\"lazy\" decoding=\"async\" width=\"1280\" height=\"853\" src=\"https:\/\/grupotiempodigital.com.ar\/wp-content\/uploads\/2021\/11\/IMG-20211103-WA0027.jpg\" class=\"attachment-full size-full\" alt=\"\" srcset=\"https:\/\/grupotiempodigital.com.ar\/wp-content\/uploads\/2021\/11\/IMG-20211103-WA0027.jpg 1280w, https:\/\/grupotiempodigital.com.ar\/wp-content\/uploads\/2021\/11\/IMG-20211103-WA0027-300x200.jpg 300w, https:\/\/grupotiempodigital.com.ar\/wp-content\/uploads\/2021\/11\/IMG-20211103-WA0027-1024x682.jpg 1024w, https:\/\/grupotiempodigital.com.ar\/wp-content\/uploads\/2021\/11\/IMG-20211103-WA0027-768x512.jpg 768w\" sizes=\"auto, (max-width: 1280px) 100vw, 1280px\" \/><\/a>\n\t\t\t<\/div><\/figure><figure class='gallery-item'>\n\t\t\t<div class='gallery-icon landscape'>\n\t\t\t\t<a href='https:\/\/grupotiempodigital.com.ar\/?attachment_id=35236'><img loading=\"lazy\" decoding=\"async\" width=\"1280\" height=\"853\" src=\"https:\/\/grupotiempodigital.com.ar\/wp-content\/uploads\/2021\/11\/IMG-20211103-WA0026.jpg\" class=\"attachment-full size-full\" alt=\"\" srcset=\"https:\/\/grupotiempodigital.com.ar\/wp-content\/uploads\/2021\/11\/IMG-20211103-WA0026.jpg 1280w, https:\/\/grupotiempodigital.com.ar\/wp-content\/uploads\/2021\/11\/IMG-20211103-WA0026-300x200.jpg 300w, https:\/\/grupotiempodigital.com.ar\/wp-content\/uploads\/2021\/11\/IMG-20211103-WA0026-1024x682.jpg 1024w, https:\/\/grupotiempodigital.com.ar\/wp-content\/uploads\/2021\/11\/IMG-20211103-WA0026-768x512.jpg 768w\" sizes=\"auto, (max-width: 1280px) 100vw, 1280px\" \/><\/a>\n\t\t\t<\/div><\/figure><figure class='gallery-item'>\n\t\t\t<div class='gallery-icon landscape'>\n\t\t\t\t<a href='https:\/\/grupotiempodigital.com.ar\/?attachment_id=35233'><img loading=\"lazy\" decoding=\"async\" width=\"1280\" height=\"853\" src=\"https:\/\/grupotiempodigital.com.ar\/wp-content\/uploads\/2021\/11\/IMG-20211103-WA0023.jpg\" class=\"attachment-full size-full\" alt=\"\" srcset=\"https:\/\/grupotiempodigital.com.ar\/wp-content\/uploads\/2021\/11\/IMG-20211103-WA0023.jpg 1280w, https:\/\/grupotiempodigital.com.ar\/wp-content\/uploads\/2021\/11\/IMG-20211103-WA0023-300x200.jpg 300w, https:\/\/grupotiempodigital.com.ar\/wp-content\/uploads\/2021\/11\/IMG-20211103-WA0023-1024x682.jpg 1024w, https:\/\/grupotiempodigital.com.ar\/wp-content\/uploads\/2021\/11\/IMG-20211103-WA0023-768x512.jpg 768w\" sizes=\"auto, (max-width: 1280px) 100vw, 1280px\" \/><\/a>\n\t\t\t<\/div><\/figure><figure class='gallery-item'>\n\t\t\t<div class='gallery-icon landscape'>\n\t\t\t\t<a href='https:\/\/grupotiempodigital.com.ar\/?attachment_id=35232'><img loading=\"lazy\" decoding=\"async\" width=\"1280\" height=\"853\" src=\"https:\/\/grupotiempodigital.com.ar\/wp-content\/uploads\/2021\/11\/IMG-20211103-WA0025.jpg\" class=\"attachment-full size-full\" alt=\"\" srcset=\"https:\/\/grupotiempodigital.com.ar\/wp-content\/uploads\/2021\/11\/IMG-20211103-WA0025.jpg 1280w, https:\/\/grupotiempodigital.com.ar\/wp-content\/uploads\/2021\/11\/IMG-20211103-WA0025-300x200.jpg 300w, https:\/\/grupotiempodigital.com.ar\/wp-content\/uploads\/2021\/11\/IMG-20211103-WA0025-1024x682.jpg 1024w, https:\/\/grupotiempodigital.com.ar\/wp-content\/uploads\/2021\/11\/IMG-20211103-WA0025-768x512.jpg 768w\" sizes=\"auto, (max-width: 1280px) 100vw, 1280px\" \/><\/a>\n\t\t\t<\/div><\/figure>\n\t\t<\/div>\n\n","protected":false},"excerpt":{"rendered":"<p>En la tarde de ayer, el Intendente Municipal Juan Manuel Alvarez recibi\u00f3 en su desapacho a la delegaci\u00f3n que representar\u00e1<\/p>\n","protected":false},"author":3,"featured_media":35234,"comment_status":"open","ping_status":"open","sticky":false,"template":"","format":"standard","meta":{"colormag_page_container_layout":"default_layout","colormag_page_sidebar_layout":"default_layout","footnotes":""},"categories":[1,5,38,44],"tags":[],"class_list":["post-35237","post","type-post","status-publish","format-standard","has-post-thumbnail","hentry","category-actualidad","category-deportivas","category-destacadas","category-general-paz"],"_links":{"self":[{"href":"https:\/\/grupotiempodigital.com.ar\/index.php?rest_route=\/wp\/v2\/posts\/35237","targetHints":{"allow":["GET"]}}],"collection":[{"href":"https:\/\/grupotiempodigital.com.ar\/index.php?rest_route=\/wp\/v2\/posts"}],"about":[{"href":"https:\/\/grupotiempodigital.com.ar\/index.php?rest_route=\/wp\/v2\/types\/post"}],"author":[{"embeddable":true,"href":"https:\/\/grupotiempodigital.com.ar\/index.php?rest_route=\/wp\/v2\/users\/3"}],"replies":[{"embeddable":true,"href":"https:\/\/grupotiempodigital.com.ar\/index.php?rest_route=%2Fwp%2Fv2%2Fcomments&post=35237"}],"version-history":[{"count":2,"href":"https:\/\/grupotiempodigital.com.ar\/index.php?rest_route=\/wp\/v2\/posts\/35237\/revisions"}],"predecessor-version":[{"id":35239,"href":"https:\/\/grupotiempodigital.com.ar\/index.php?rest_route=\/wp\/v2\/posts\/35237\/revisions\/35239"}],"wp:featuredmedia":[{"embeddable":true,"href":"https:\/\/grupotiempodigital.com.ar\/index.php?rest_route=\/wp\/v2\/media\/35234"}],"wp:attachment":[{"href":"https:\/\/grupotiempodigital.com.ar\/index.php?rest_route=%2Fwp%2Fv2%2Fmedia&parent=35237"}],"wp:term":[{"taxonomy":"category","embeddable":true,"href":"https:\/\/grupotiempodigital.com.ar\/index.php?rest_route=%2Fwp%2Fv2%2Fcategories&post=35237"},{"taxonomy":"post_tag","embeddable":true,"href":"https:\/\/grupotiempodigital.com.ar\/index.php?rest_route=%2Fwp%2Fv2%2Ftags&post=35237"}],"curies":[{"name":"wp","href":"https:\/\/api.w.org\/{rel}","templated":true}]}}