{"id":35141,"date":"2021-10-31T20:25:12","date_gmt":"2021-10-31T23:25:12","guid":{"rendered":"https:\/\/grupotiempodigital.com.ar\/?p=35141"},"modified":"2021-10-31T20:25:12","modified_gmt":"2021-10-31T23:25:12","slug":"el-local-gonzalo-teruel-se-quedo-con-el-premio-jorge-del-buono-en-el-rally-de-mar-del-plata","status":"publish","type":"post","link":"https:\/\/grupotiempodigital.com.ar\/?p=35141","title":{"rendered":"EL LOCAL GONZALO TERUEL SE QUED\u00d3 CON EL PREMIO \u201cJORGE DEL BUONO\u201d EN EL RALLY DE MAR DEL PLATA"},"content":{"rendered":"<p>En una carrera con final abierto hasta el final, producto de la exigencia que mostraron los trazados diagramados, el piloto marplatense Gonzalo Teruel navegado por Jose Paccini se impuso en la clasificaci\u00f3n general del premio \u201cJorge del Bueno\u201d.<br \/>\nRealmente fue una prueba muy dif\u00edcil, en donde continuamente se produc\u00edan novedades sobre deserciones que involucraban a diferentes protagonistas de distintas clases. Un dato referencial de lo remarcado, se dio en que solo 26 tripulaciones pudieron completar el total de la prueba.<br \/>\nOtra novedad saliente fue que, un auto de la clase N7 se qued\u00f3 con la clasificaci\u00f3n general, no es un dato menor ya que de esta competencia participaron autos de mayor potencia.<\/p>\n<p style=\"text-align: center;\"><strong>DISPAR SUERTE PARA LOS RANCHEROS EN LA SEGUNDA ETAPA<\/strong>.<\/p>\n<p>Muy dispar fue finalmente la suerte de los rancheros en la segunda jornada del premio \u201cJorge del Buono\u201d del Rally Mar y Sierras en Mar del Plata. Una fecha con much\u00edsimas deserciones producto de las exigencias que marcaron los caminos diagramados. Un dato que refleja claramente este comentario, est\u00e1 basado en que solo 26 tripulaciones llegaron al final de la prueba.<br \/>\nMuchos de esos abandonos sufrieron nuestros representantes. La primera mala noticia lleg\u00f3 a poco de comenzar la etapa con la rotura de un semieje del auto de Nunzio y Francisco Vernaci que hab\u00edan salido con muchas expectativas de recortar diferencias. Poco despu\u00e9s fue el turno de Juan Soria qui\u00e9n fue navegado por Alan Porcel; ellos tambi\u00e9n penaron con un semieje.<br \/>\nLa otra cara de la moneda, estuvo en el buen rendimiento del binomio compuesto por Oscar Ferreyra y \u201cRobert\u201d Farina alcanzando el cuarto lugar final dentro de la competitiva clase N1.<br \/>\nPor su parte Franco Macchi logr\u00f3 subirse al segundo escal\u00f3n del podio de la clase N7 junto a Jos\u00e9 Lacopolla.<br \/>\nCon 2 Podios se vino el LTcompetici\u00f3n.<br \/>\nJose Lamarque responsable del LTcompetici\u00f3n junto a su grupo de trabajo (todos rancheros) tuvieron la responsabilidad de atender a cinco autos que formaron parte de la carrera. Ellos fueron los Gol de Nuncio Vernaci y Juan Soria de la clase A, el Gol de Jos\u00e9 Lacopolla integrante de la N7, el VW Gol de Alejandro Pracht dentro de la N3 y el N1 de \u00d3scar Ferreyra.<br \/>\nEl de Hurlingham, Alejandro Pracht con el castellense Ruberto como navegante finalizaron en la segunda colocaci\u00f3n de su clase, mientras que id\u00e9ntica ubicaci\u00f3n logr\u00f3 Lacopolla en la N7.<br \/>\nGran trabajo del \u00abTosca\u00bb dentro de una prueba que no di\u00f3 descanso a los que trabajaron en la asistencia.<\/p>\n<p><strong>Informe de Marcelo Robertson &#8211; Presentado por CEFA Srl. Acopio de Cereales<\/strong><\/p>\n<div id='gallery-1' class='gallery galleryid-35141 gallery-columns-2 gallery-size-full'><figure class='gallery-item'>\n\t\t\t<div class='gallery-icon landscape'>\n\t\t\t\t<a href='https:\/\/grupotiempodigital.com.ar\/?attachment_id=35144'><img loading=\"lazy\" decoding=\"async\" width=\"1280\" height=\"853\" src=\"https:\/\/grupotiempodigital.com.ar\/wp-content\/uploads\/2021\/10\/WhatsApp-Image-2021-10-31-at-8.20.32-PM.jpeg\" class=\"attachment-full size-full\" alt=\"\" srcset=\"https:\/\/grupotiempodigital.com.ar\/wp-content\/uploads\/2021\/10\/WhatsApp-Image-2021-10-31-at-8.20.32-PM.jpeg 1280w, https:\/\/grupotiempodigital.com.ar\/wp-content\/uploads\/2021\/10\/WhatsApp-Image-2021-10-31-at-8.20.32-PM-300x200.jpeg 300w, https:\/\/grupotiempodigital.com.ar\/wp-content\/uploads\/2021\/10\/WhatsApp-Image-2021-10-31-at-8.20.32-PM-1024x682.jpeg 1024w, https:\/\/grupotiempodigital.com.ar\/wp-content\/uploads\/2021\/10\/WhatsApp-Image-2021-10-31-at-8.20.32-PM-768x512.jpeg 768w\" sizes=\"auto, (max-width: 1280px) 100vw, 1280px\" \/><\/a>\n\t\t\t<\/div><\/figure><figure class='gallery-item'>\n\t\t\t<div class='gallery-icon landscape'>\n\t\t\t\t<a href='https:\/\/grupotiempodigital.com.ar\/?attachment_id=35143'><img loading=\"lazy\" decoding=\"async\" width=\"1280\" height=\"853\" src=\"https:\/\/grupotiempodigital.com.ar\/wp-content\/uploads\/2021\/10\/WhatsApp-Image-2021-10-31-at-8.20.32-PM-1.jpeg\" class=\"attachment-full size-full\" alt=\"\" srcset=\"https:\/\/grupotiempodigital.com.ar\/wp-content\/uploads\/2021\/10\/WhatsApp-Image-2021-10-31-at-8.20.32-PM-1.jpeg 1280w, https:\/\/grupotiempodigital.com.ar\/wp-content\/uploads\/2021\/10\/WhatsApp-Image-2021-10-31-at-8.20.32-PM-1-300x200.jpeg 300w, https:\/\/grupotiempodigital.com.ar\/wp-content\/uploads\/2021\/10\/WhatsApp-Image-2021-10-31-at-8.20.32-PM-1-1024x682.jpeg 1024w, https:\/\/grupotiempodigital.com.ar\/wp-content\/uploads\/2021\/10\/WhatsApp-Image-2021-10-31-at-8.20.32-PM-1-768x512.jpeg 768w\" sizes=\"auto, (max-width: 1280px) 100vw, 1280px\" \/><\/a>\n\t\t\t<\/div><\/figure>\n\t\t<\/div>\n\n","protected":false},"excerpt":{"rendered":"<p>En una carrera con final abierto hasta el final, producto de la exigencia que mostraron los trazados diagramados, el piloto<\/p>\n","protected":false},"author":3,"featured_media":35144,"comment_status":"open","ping_status":"open","sticky":false,"template":"","format":"standard","meta":{"colormag_page_container_layout":"default_layout","colormag_page_sidebar_layout":"default_layout","footnotes":""},"categories":[1,5,38],"tags":[],"class_list":["post-35141","post","type-post","status-publish","format-standard","has-post-thumbnail","hentry","category-actualidad","category-deportivas","category-destacadas"],"_links":{"self":[{"href":"https:\/\/grupotiempodigital.com.ar\/index.php?rest_route=\/wp\/v2\/posts\/35141","targetHints":{"allow":["GET"]}}],"collection":[{"href":"https:\/\/grupotiempodigital.com.ar\/index.php?rest_route=\/wp\/v2\/posts"}],"about":[{"href":"https:\/\/grupotiempodigital.com.ar\/index.php?rest_route=\/wp\/v2\/types\/post"}],"author":[{"embeddable":true,"href":"https:\/\/grupotiempodigital.com.ar\/index.php?rest_route=\/wp\/v2\/users\/3"}],"replies":[{"embeddable":true,"href":"https:\/\/grupotiempodigital.com.ar\/index.php?rest_route=%2Fwp%2Fv2%2Fcomments&post=35141"}],"version-history":[{"count":2,"href":"https:\/\/grupotiempodigital.com.ar\/index.php?rest_route=\/wp\/v2\/posts\/35141\/revisions"}],"predecessor-version":[{"id":35145,"href":"https:\/\/grupotiempodigital.com.ar\/index.php?rest_route=\/wp\/v2\/posts\/35141\/revisions\/35145"}],"wp:featuredmedia":[{"embeddable":true,"href":"https:\/\/grupotiempodigital.com.ar\/index.php?rest_route=\/wp\/v2\/media\/35144"}],"wp:attachment":[{"href":"https:\/\/grupotiempodigital.com.ar\/index.php?rest_route=%2Fwp%2Fv2%2Fmedia&parent=35141"}],"wp:term":[{"taxonomy":"category","embeddable":true,"href":"https:\/\/grupotiempodigital.com.ar\/index.php?rest_route=%2Fwp%2Fv2%2Fcategories&post=35141"},{"taxonomy":"post_tag","embeddable":true,"href":"https:\/\/grupotiempodigital.com.ar\/index.php?rest_route=%2Fwp%2Fv2%2Ftags&post=35141"}],"curies":[{"name":"wp","href":"https:\/\/api.w.org\/{rel}","templated":true}]}}