{"id":35077,"date":"2021-10-27T19:51:50","date_gmt":"2021-10-27T22:51:50","guid":{"rendered":"https:\/\/grupotiempodigital.com.ar\/?p=35077"},"modified":"2021-10-28T10:27:29","modified_gmt":"2021-10-28T13:27:29","slug":"mar-del-plata-recibe-al-mar-y-sierras-con-presencia-ranchera","status":"publish","type":"post","link":"https:\/\/grupotiempodigital.com.ar\/?p=35077","title":{"rendered":"MAR DEL PLATA RECIBE AL MAR Y SIERRAS CON PRESENCIA RANCHERA."},"content":{"rendered":"<p>En pocas horas m\u00e1s, se pondr\u00e1 en marcha la quinta fecha del campeonato Mar y Sierras de rally; en esta oportunidad la ciudad anfitriona ser\u00e1 nada m\u00e1s y nada menos que Mar del Plata.<\/p>\n<p>\u201cLa feliz\u201d estar\u00e1 recibiendo a los m\u00e1s de 60 binomios de las diferentes divisionales que se dar\u00e1n cita para ser parte de una prueba, la que dispondr\u00e1 de muchos condimentos que la har\u00e1n muy especial y en una sede que por s\u00ed sola despierta un mayor atractivo.<\/p>\n<p>Ser\u00e1n en total 14 pruebas especiales a recorrer por tres dibujos diferentes que fueron seleccionados para el desarrollo de la misma sobre un total de 131,10 km de carrera. Estos se denominan \u201cAutodromo (4,55 km.)\u201d, \u201cLa Polola\u201d (16,70 km) y \u201cEstaci\u00f3n Chapadmalal (9,25 km).<\/p>\n<p>La actividad comenzar\u00e1 el viernes en el Aut\u00f3dromo marplatense, sede tambi\u00e9n del parque de asistencia, en donde se llevar\u00e1 a cabo el Shakedown (pruebas libres).Posteriormente a la hora 17 todos los veh\u00edculos habilitados ir\u00e1n en caravana desde el citado lugar al Torre\u00f3n del Monje,\u00a0 emblem\u00e1tico lugar de la costa marplatense en donde se realizar\u00e1 el parque previo y la largada simb\u00f3lica a partir de las 20,00 horas. En cuanto a las pruebas de velocidad, las mismas dar\u00e1n inicio\u00a0 el s\u00e1bado a las 10,08\u00a0 y el domingo a las 8,33 en el aut\u00f3dromo <em>(Los detalles se pueden encontrar en la p\u00e1gina oficial del rally Mar y Sierras o en sus redes sociales).<\/em><\/p>\n<p><strong>Pilotos y Navegantes que nos representan.<\/strong><\/p>\n<p>Una vez m\u00e1s la ciudad de Ranchos estar\u00e1 representada por varios protagonistas.<\/p>\n<p>All\u00ed estar\u00e1n <strong>Nunzio Vernaci<\/strong> con <strong>Francisco Veranci<\/strong> en la clase A (VW Gol); <strong>Oscar Ferreyra<\/strong> con <strong>Roberto Farina<\/strong> en la N1 (VW Gol).<\/p>\n<p>Dentro de los navegantes (adem\u00e1s de los mencionados anteriormente) nuevamente aparecen <strong>Alan Porcel<\/strong> navegando a Juan Soria en la Clase A (VW Gol); <strong>Horacio Arriola <\/strong>con Ruben Manzoni (Seat Ibiza) en la clase N 3; <strong>Braian Ferreyra<\/strong> como co-piloto de Federico Vizcay en la clase N1 (Ford Ka) y\u00a0 <strong>Franco Macchi<\/strong> que estar\u00e1 como navegante de Jos\u00e9 Lacopolla en el Gol de la clase N7.<\/p>\n<p><strong>EL \u201cLTCompetici\u00f3n con cinco autos\u201d.<\/strong><\/p>\n<p>El equipo LTC de<strong> Jos\u00e9 \u201cTosca\u201d Lamarque<\/strong> tendr\u00e1 bajo su mando la atenci\u00f3n de cinco autos durante la prueba. Ellos ser\u00e1n los clase A de Soria y Vernaci; el N7 de Lacopolla; el N3 de Alejandro \u201cProlijito\u201d Pracht y el N1 de Oscar Ferreyra.<\/p>\n<p>Un equipo que sigue creciendo, ya no con autos de pilotos locales, sino que como se observa se han sumado otros que conf\u00edan en el trabajo que a diario realiza el preparador de nuestra ciudad.<\/p>\n<p>La competencia llevar\u00e1 el nombre de Jorge \u201cBicho\u201d del Buono en reconocimiento a unos de los navegantes m\u00e1s importantes que ha dado nuestro pa\u00eds. Siendo, entre otros logros, ganador del rally de la Rep\u00fablica Argentina en 1988, junto al recordado Jorge Recalde y campe\u00f3n del Mundo en los grupos N en los a\u00f1os 1996 y 1997. Un justo reconocimiento que se har\u00e1 a qui\u00e9n hace poco tiempo se retirara de la actividad.<\/p>\n<p><strong>Presenta el informe de Marcelo Robertson:<\/strong><br \/>\n<strong>CEFA SRL de Arambur\u00fa hermanos. Acopio de Cereales-Planta de Secado y Acondicionamiento-Venta de Fertilizantes. Avda. Garay 2330 \u2013 Ranchos (Gral. Paz).<\/strong><\/p>\n<p>&nbsp;<\/p>\n","protected":false},"excerpt":{"rendered":"<p>En pocas horas m\u00e1s, se pondr\u00e1 en marcha la quinta fecha del campeonato Mar y Sierras de rally; en esta<\/p>\n","protected":false},"author":3,"featured_media":35079,"comment_status":"open","ping_status":"open","sticky":false,"template":"","format":"standard","meta":{"colormag_page_container_layout":"default_layout","colormag_page_sidebar_layout":"default_layout","footnotes":""},"categories":[1,45,5,38,44],"tags":[],"class_list":["post-35077","post","type-post","status-publish","format-standard","has-post-thumbnail","hentry","category-actualidad","category-chascomus","category-deportivas","category-destacadas","category-general-paz"],"_links":{"self":[{"href":"https:\/\/grupotiempodigital.com.ar\/index.php?rest_route=\/wp\/v2\/posts\/35077","targetHints":{"allow":["GET"]}}],"collection":[{"href":"https:\/\/grupotiempodigital.com.ar\/index.php?rest_route=\/wp\/v2\/posts"}],"about":[{"href":"https:\/\/grupotiempodigital.com.ar\/index.php?rest_route=\/wp\/v2\/types\/post"}],"author":[{"embeddable":true,"href":"https:\/\/grupotiempodigital.com.ar\/index.php?rest_route=\/wp\/v2\/users\/3"}],"replies":[{"embeddable":true,"href":"https:\/\/grupotiempodigital.com.ar\/index.php?rest_route=%2Fwp%2Fv2%2Fcomments&post=35077"}],"version-history":[{"count":3,"href":"https:\/\/grupotiempodigital.com.ar\/index.php?rest_route=\/wp\/v2\/posts\/35077\/revisions"}],"predecessor-version":[{"id":35088,"href":"https:\/\/grupotiempodigital.com.ar\/index.php?rest_route=\/wp\/v2\/posts\/35077\/revisions\/35088"}],"wp:featuredmedia":[{"embeddable":true,"href":"https:\/\/grupotiempodigital.com.ar\/index.php?rest_route=\/wp\/v2\/media\/35079"}],"wp:attachment":[{"href":"https:\/\/grupotiempodigital.com.ar\/index.php?rest_route=%2Fwp%2Fv2%2Fmedia&parent=35077"}],"wp:term":[{"taxonomy":"category","embeddable":true,"href":"https:\/\/grupotiempodigital.com.ar\/index.php?rest_route=%2Fwp%2Fv2%2Fcategories&post=35077"},{"taxonomy":"post_tag","embeddable":true,"href":"https:\/\/grupotiempodigital.com.ar\/index.php?rest_route=%2Fwp%2Fv2%2Ftags&post=35077"}],"curies":[{"name":"wp","href":"https:\/\/api.w.org\/{rel}","templated":true}]}}