{"id":35073,"date":"2021-10-27T16:00:40","date_gmt":"2021-10-27T19:00:40","guid":{"rendered":"https:\/\/grupotiempodigital.com.ar\/?p=35073"},"modified":"2021-10-27T16:00:40","modified_gmt":"2021-10-27T19:00:40","slug":"entrega-de-dni-tramitados-en-la-unidad-movil-del-renaper","status":"publish","type":"post","link":"https:\/\/grupotiempodigital.com.ar\/?p=35073","title":{"rendered":"ENTREGA DE DNI TRAMITADOS EN LA UNIDAD M\u00d3VIL DEL RENAPER"},"content":{"rendered":"<p>El pr\u00f3ximo lunes 1\u00b0 de noviembre, de 9:00 a 12:00 hs. en el Centro C\u00edvico frente al Palacio Municipal, se llevar\u00e1 a cabo la entrega de los DNI tramitados el pasado lunes 18 de octubre en la unidad m\u00f3vil del Registro Nacional de las Personas.<\/p>\n<p>Quienes hayan realizado el tr\u00e1mite, deber\u00e1n presentarse con el comprobante correspondiente en el horario antes mencionado. En el caso de quienes gestionaron el pasaporte, lo recibir\u00e1n por correo en su domicilio.<\/p>\n<p><a href=\"https:\/\/grupotiempodigital.com.ar\/wp-content\/uploads\/2021\/10\/IMG-20211027-WA0007.jpg\"><img loading=\"lazy\" decoding=\"async\" class=\"aligncenter size-full wp-image-35075\" src=\"https:\/\/grupotiempodigital.com.ar\/wp-content\/uploads\/2021\/10\/IMG-20211027-WA0007.jpg\" alt=\"\" width=\"1080\" height=\"1080\" srcset=\"https:\/\/grupotiempodigital.com.ar\/wp-content\/uploads\/2021\/10\/IMG-20211027-WA0007.jpg 1080w, https:\/\/grupotiempodigital.com.ar\/wp-content\/uploads\/2021\/10\/IMG-20211027-WA0007-300x300.jpg 300w, https:\/\/grupotiempodigital.com.ar\/wp-content\/uploads\/2021\/10\/IMG-20211027-WA0007-1024x1024.jpg 1024w, https:\/\/grupotiempodigital.com.ar\/wp-content\/uploads\/2021\/10\/IMG-20211027-WA0007-150x150.jpg 150w, https:\/\/grupotiempodigital.com.ar\/wp-content\/uploads\/2021\/10\/IMG-20211027-WA0007-768x768.jpg 768w\" sizes=\"auto, (max-width: 1080px) 100vw, 1080px\" \/><\/a><\/p>\n<p><strong>MUNICIPALIDAD DE GENERAL PAZ<\/strong><\/p>\n<p><strong>Estamos cambiando por vos<\/strong><\/p>\n","protected":false},"excerpt":{"rendered":"<p>El pr\u00f3ximo lunes 1\u00b0 de noviembre, de 9:00 a 12:00 hs. en el Centro C\u00edvico frente al Palacio Municipal, se<\/p>\n","protected":false},"author":3,"featured_media":35075,"comment_status":"open","ping_status":"open","sticky":false,"template":"","format":"standard","meta":{"colormag_page_container_layout":"default_layout","colormag_page_sidebar_layout":"default_layout","footnotes":""},"categories":[1,38,44],"tags":[],"class_list":["post-35073","post","type-post","status-publish","format-standard","has-post-thumbnail","hentry","category-actualidad","category-destacadas","category-general-paz"],"_links":{"self":[{"href":"https:\/\/grupotiempodigital.com.ar\/index.php?rest_route=\/wp\/v2\/posts\/35073","targetHints":{"allow":["GET"]}}],"collection":[{"href":"https:\/\/grupotiempodigital.com.ar\/index.php?rest_route=\/wp\/v2\/posts"}],"about":[{"href":"https:\/\/grupotiempodigital.com.ar\/index.php?rest_route=\/wp\/v2\/types\/post"}],"author":[{"embeddable":true,"href":"https:\/\/grupotiempodigital.com.ar\/index.php?rest_route=\/wp\/v2\/users\/3"}],"replies":[{"embeddable":true,"href":"https:\/\/grupotiempodigital.com.ar\/index.php?rest_route=%2Fwp%2Fv2%2Fcomments&post=35073"}],"version-history":[{"count":2,"href":"https:\/\/grupotiempodigital.com.ar\/index.php?rest_route=\/wp\/v2\/posts\/35073\/revisions"}],"predecessor-version":[{"id":35076,"href":"https:\/\/grupotiempodigital.com.ar\/index.php?rest_route=\/wp\/v2\/posts\/35073\/revisions\/35076"}],"wp:featuredmedia":[{"embeddable":true,"href":"https:\/\/grupotiempodigital.com.ar\/index.php?rest_route=\/wp\/v2\/media\/35075"}],"wp:attachment":[{"href":"https:\/\/grupotiempodigital.com.ar\/index.php?rest_route=%2Fwp%2Fv2%2Fmedia&parent=35073"}],"wp:term":[{"taxonomy":"category","embeddable":true,"href":"https:\/\/grupotiempodigital.com.ar\/index.php?rest_route=%2Fwp%2Fv2%2Fcategories&post=35073"},{"taxonomy":"post_tag","embeddable":true,"href":"https:\/\/grupotiempodigital.com.ar\/index.php?rest_route=%2Fwp%2Fv2%2Ftags&post=35073"}],"curies":[{"name":"wp","href":"https:\/\/api.w.org\/{rel}","templated":true}]}}