{"id":34501,"date":"2021-09-29T20:07:46","date_gmt":"2021-09-29T23:07:46","guid":{"rendered":"https:\/\/grupotiempodigital.com.ar\/?p=34501"},"modified":"2021-09-30T09:46:29","modified_gmt":"2021-09-30T12:46:29","slug":"un-equipo-y-varios-protagonistas-rancheros-en-los-200-km-del-mar-y-sierras","status":"publish","type":"post","link":"https:\/\/grupotiempodigital.com.ar\/?p=34501","title":{"rendered":"UN EQUIPO Y VARIOS PROTAGONISTAS RANCHEROS EN LOS 200 KM  DEL MAR Y SIERRAS."},"content":{"rendered":"<p>Durante el pr\u00f3ximo fin de semana la ciudad de Pila ser\u00e1 epicentro de la cuarta competencia del a\u00f1o del campeonato Mar y Sierras de Rally. Una exigente prueba que tendr\u00e1 nada m\u00e1s y nada menos que 200 km de pruebas especiales cronometradas, en caminos de los partidos de Castelli y el distrito antes mencionado, llevando as\u00ed una realizaci\u00f3n sin precedentes para la categor\u00eda.<br \/>\nEsta apuesta fuerte de la organizaci\u00f3n ser\u00e1 respaldada con varios representantes rancheros que han confirmado su presencia.<br \/>\n<strong>Vernaci-Vernaci.<\/strong><br \/>\nEl binomio integrado por Nunzio y Valentina Vernaci se presentar\u00e1n en la clase A a bordo del VW Gol, volviendo a participar de esta divisional tan atractiva para los amantes de los \u201cfierros\u201d.<br \/>\n<strong>Perez-Camargo.<\/strong><br \/>\nDesde hace d\u00edas, han confirmado su asistencia Pedro Perez con Eduardo Camargo, d\u00e1ndole continuidad a a\u00f1o en el rally. Estar\u00e1n con su VW Gol de la clase N1 con atenci\u00f3n de Juan Pablo Labarere.<br \/>\n<strong>Ferreyra-Farina<\/strong><br \/>\nEsta carrera marcar\u00e1 el retorno al campeonato de Oscar Ferreyra, en esta oportunidad por primera vez con Roberto \u00abRober\u00bb Farina como navegante.<br \/>\n<strong>Torrisi-Gonzalez.<\/strong><br \/>\nTal vez la novedad m\u00e1s saliente se produce con el regreso a la actividad de Juan I. Torrisi dentro de la clase N1, la misma que lo viera campe\u00f3n varios a\u00f1os atr\u00e1s. Su navegante ser\u00e1 Javier Gonzalez y lo har\u00e1n sobre el Ford K propiedad de Matias Pignatelli.<br \/>\n<strong>Arriola y B. Ferreyra nuevamente navegantes.<\/strong><br \/>\nDentro de la clase N3, nuevamente se anuncia la presencia del chascomunense Ruben Manzzoni qui\u00e9n, como lo hace habitualmente, estar\u00e1 acompa\u00f1ado por el \u201cNegro\u201d Horacio Arriola.<br \/>\nFederico Biscay dentro de la nutrida clase N1, ha vuelto a confiar en el joven Braian Ferreyra como su acompa\u00f1ante en la butaca derecha.<br \/>\n<strong>JOSE \u201cTOSCA\u201d LAMARQUE CON EL \u201cLTC\u201d ATENDER\u00c1 CUATRO AUTOS.<\/strong><br \/>\nEn este marco muchos de los autos mencionados est\u00e1n y ser\u00e1n atendidos en carrera, por el equipo que comanda el \u201cTosca\u201d Lamarque. Ellos ser\u00e1n; Vernaci, O. Ferreyra, Torrisi y el representante de Berabev\u00fa (localidad Santafesina) Jos\u00e9 Lacopolla, qui\u00e9n tambi\u00e9n confi\u00f3 su coche al preparador ranchero.<br \/>\nPocas horas nos separan de esta gran prueba que adem\u00e1s, volver\u00e1 a tener rampa simb\u00f3lica de largada ( la \u00faltima hab\u00eda sido en Ayacucho 2019), ser\u00e1 el viernes a las 19 horas. S\u00e1bado y domingo, los participantes dispondr\u00e1n de largos caminos para acelerar y disfrutar de una carrera para llevar el \u00ablos pies a fondo\u00bb.<\/p>\n<p><strong>Presenta el informe de Marcelo Robertson:<\/strong><br \/>\n<strong>CEFA SRL de Arambur\u00fa hermanos. Acopio de Cereales-Planta de Secado y Acondicionamiento-Venta de Fertilizantes. Avda. Garay 2330 \u2013 Ranchos (Gral. Paz).<\/strong><\/p>\n","protected":false},"excerpt":{"rendered":"<p>Durante el pr\u00f3ximo fin de semana la ciudad de Pila ser\u00e1 epicentro de la cuarta competencia del a\u00f1o del campeonato<\/p>\n","protected":false},"author":3,"featured_media":34503,"comment_status":"open","ping_status":"open","sticky":false,"template":"","format":"standard","meta":{"colormag_page_container_layout":"default_layout","colormag_page_sidebar_layout":"default_layout","footnotes":""},"categories":[1,5,38,44],"tags":[],"class_list":["post-34501","post","type-post","status-publish","format-standard","has-post-thumbnail","hentry","category-actualidad","category-deportivas","category-destacadas","category-general-paz"],"_links":{"self":[{"href":"https:\/\/grupotiempodigital.com.ar\/index.php?rest_route=\/wp\/v2\/posts\/34501","targetHints":{"allow":["GET"]}}],"collection":[{"href":"https:\/\/grupotiempodigital.com.ar\/index.php?rest_route=\/wp\/v2\/posts"}],"about":[{"href":"https:\/\/grupotiempodigital.com.ar\/index.php?rest_route=\/wp\/v2\/types\/post"}],"author":[{"embeddable":true,"href":"https:\/\/grupotiempodigital.com.ar\/index.php?rest_route=\/wp\/v2\/users\/3"}],"replies":[{"embeddable":true,"href":"https:\/\/grupotiempodigital.com.ar\/index.php?rest_route=%2Fwp%2Fv2%2Fcomments&post=34501"}],"version-history":[{"count":6,"href":"https:\/\/grupotiempodigital.com.ar\/index.php?rest_route=\/wp\/v2\/posts\/34501\/revisions"}],"predecessor-version":[{"id":34515,"href":"https:\/\/grupotiempodigital.com.ar\/index.php?rest_route=\/wp\/v2\/posts\/34501\/revisions\/34515"}],"wp:featuredmedia":[{"embeddable":true,"href":"https:\/\/grupotiempodigital.com.ar\/index.php?rest_route=\/wp\/v2\/media\/34503"}],"wp:attachment":[{"href":"https:\/\/grupotiempodigital.com.ar\/index.php?rest_route=%2Fwp%2Fv2%2Fmedia&parent=34501"}],"wp:term":[{"taxonomy":"category","embeddable":true,"href":"https:\/\/grupotiempodigital.com.ar\/index.php?rest_route=%2Fwp%2Fv2%2Fcategories&post=34501"},{"taxonomy":"post_tag","embeddable":true,"href":"https:\/\/grupotiempodigital.com.ar\/index.php?rest_route=%2Fwp%2Fv2%2Ftags&post=34501"}],"curies":[{"name":"wp","href":"https:\/\/api.w.org\/{rel}","templated":true}]}}