{"id":34455,"date":"2021-09-28T12:03:40","date_gmt":"2021-09-28T15:03:40","guid":{"rendered":"https:\/\/grupotiempodigital.com.ar\/?p=34455"},"modified":"2021-09-28T12:03:40","modified_gmt":"2021-09-28T15:03:40","slug":"parroquia-ntra-sra-del-pilar-misa-de-la-aurora","status":"publish","type":"post","link":"https:\/\/grupotiempodigital.com.ar\/?p=34455","title":{"rendered":"Parroquia Ntra. Sra. del Pilar: MISA DE LA AURORA"},"content":{"rendered":"<p>El Padre Mario invita a toda la Comunidad a la Misa de la Aurora en honor a la Sant\u00edsima Virgen Mar\u00eda, que se realizar\u00e1 todos los s\u00e1bados a las 8 hs. Al finalizar, compartiremos un desayuno fraterno a la canasta en el Sal\u00f3n Parroquial.<\/p>\n<p>I<strong>NSCRIPCIONES A CATEQUESIS DE COMUNI\u00d3N Y CONFIRMACI\u00d3N <\/strong><\/p>\n<p>El Padre Mario informa a toda la Comunidad que a partir del mi\u00e9rcoles 6 de octubre se abren las inscripciones para la catequesis de Comuni\u00f3n y Confirmaci\u00f3n en la Parroquia.<\/p>\n<p>Los horarios de inscripci\u00f3n son los d\u00edas Mi\u00e9rcoles y Viernes de 17 a 19 hs.<\/p>\n","protected":false},"excerpt":{"rendered":"<p>El Padre Mario invita a toda la Comunidad a la Misa de la Aurora en honor a la Sant\u00edsima Virgen<\/p>\n","protected":false},"author":3,"featured_media":34457,"comment_status":"open","ping_status":"open","sticky":false,"template":"","format":"standard","meta":{"colormag_page_container_layout":"default_layout","colormag_page_sidebar_layout":"default_layout","footnotes":""},"categories":[1],"tags":[],"class_list":["post-34455","post","type-post","status-publish","format-standard","has-post-thumbnail","hentry","category-actualidad"],"_links":{"self":[{"href":"https:\/\/grupotiempodigital.com.ar\/index.php?rest_route=\/wp\/v2\/posts\/34455","targetHints":{"allow":["GET"]}}],"collection":[{"href":"https:\/\/grupotiempodigital.com.ar\/index.php?rest_route=\/wp\/v2\/posts"}],"about":[{"href":"https:\/\/grupotiempodigital.com.ar\/index.php?rest_route=\/wp\/v2\/types\/post"}],"author":[{"embeddable":true,"href":"https:\/\/grupotiempodigital.com.ar\/index.php?rest_route=\/wp\/v2\/users\/3"}],"replies":[{"embeddable":true,"href":"https:\/\/grupotiempodigital.com.ar\/index.php?rest_route=%2Fwp%2Fv2%2Fcomments&post=34455"}],"version-history":[{"count":2,"href":"https:\/\/grupotiempodigital.com.ar\/index.php?rest_route=\/wp\/v2\/posts\/34455\/revisions"}],"predecessor-version":[{"id":34458,"href":"https:\/\/grupotiempodigital.com.ar\/index.php?rest_route=\/wp\/v2\/posts\/34455\/revisions\/34458"}],"wp:featuredmedia":[{"embeddable":true,"href":"https:\/\/grupotiempodigital.com.ar\/index.php?rest_route=\/wp\/v2\/media\/34457"}],"wp:attachment":[{"href":"https:\/\/grupotiempodigital.com.ar\/index.php?rest_route=%2Fwp%2Fv2%2Fmedia&parent=34455"}],"wp:term":[{"taxonomy":"category","embeddable":true,"href":"https:\/\/grupotiempodigital.com.ar\/index.php?rest_route=%2Fwp%2Fv2%2Fcategories&post=34455"},{"taxonomy":"post_tag","embeddable":true,"href":"https:\/\/grupotiempodigital.com.ar\/index.php?rest_route=%2Fwp%2Fv2%2Ftags&post=34455"}],"curies":[{"name":"wp","href":"https:\/\/api.w.org\/{rel}","templated":true}]}}