{"id":33255,"date":"2021-07-29T14:03:17","date_gmt":"2021-07-29T17:03:17","guid":{"rendered":"https:\/\/grupotiempodigital.com.ar\/?p=33255"},"modified":"2021-07-29T14:03:17","modified_gmt":"2021-07-29T17:03:17","slug":"walter-ortiz-todos-somos-parte-del-predio-y-eso-nos-va-a-dar-sentido-de-pertenencia","status":"publish","type":"post","link":"https:\/\/grupotiempodigital.com.ar\/?p=33255","title":{"rendered":"Walter Ortiz: \u00abTodos somos parte del predio y eso nos va a dar sentido de pertenencia \u00ab"},"content":{"rendered":"<p>\u00abWalter Ortiz presidente del club Atl\u00e9tico Ranchos dialogo este jueves en Tiempo de Radio (90.1 Mhz Chascom\u00fas y 90.7 Mhz Ranchos) sobre las obras que se esta realizando en el predio que el club posee en el acceso a Ranchos por la ruta 20<\/p>\n<p>\u00abHemos aprovechado el receso deportivo y puesto pilas en las obras del complejo donde pudimos podido montar las futuras torres de iluminaci\u00f3n, 4 de la cancha de 11 y 8 de la cancha de 7. La cancha de 11 llevara 4 torres de cada lado. Tambi\u00e9n realizamos el tendido de la ca\u00f1er\u00eda de agua&#8230;\u00bb comento Ortiz y agrego \u00abPor ah\u00ed a uno le va ganando la ansiedad, pero vamos a paso firme para no tropezar con imprevistos. El que hace un tiempito que no pasa por el predio se va a dar cuenta que va tomando color&#8230;\u00bb<\/p>\n<p>Hace unos d\u00edas volvi\u00f3 a la actividad la escuelita de futbol infantil, sobre el regreso de los mas peque\u00f1os del verdinegro dijo \u00abHace un mes empezamos con la escuelita de futbol infantil, que se realiza todos los s\u00e1bados. Junto a los padres de los nenes hicimos una plantaci\u00f3n de \u00e1rboles, para marcar esa identidad que queremos darle al club.<\/p>\n<p>Al momento de referirse a los campos de juegos de ambas canchas explico \u00abEstamos lej\u00edsimos de tener un buen suelo, hemos hecho trabajados de nivelaci\u00f3n pero estamos lejos de tener un buen suelo. En la cancha de 7 plantamos semillas de invierno y en poco tiempo vamos a plantar c\u00e9sped de primavera. En el Jos\u00e9 Luis Brown Carlos Lamarque esta a cargo del estadio y el piso esta en buenas condiciones como siempre&#8230;\u00bb contemplo Ortiz sobre la situaci\u00f3n de los estadios rancheros y paso a referirse a la vuelta del futbol \u00abEso es importante porque cuando est\u00e1bamos por volver en el verano se cancelo por una nueva ola. Estamos contentos por volver con primera y tercera el domingo. A mediados de agosto vamos a empezar con el femenino y las inferiores.<\/p>\n<p>La m\u00e1s flamante actividad del club es el Running. Sobre esto el presidente de Atl\u00e9tico comento \u00abEso es algo que viene hacer un tiempo manejando Jes\u00fas Correa y nos permiti\u00f3 sumar gente al club que no ten\u00edamos llegada, ya que la mayor\u00eda son mujeres<br \/>\nSumar el running fue un acierto. Jes\u00fas tiene un gran n\u00famero de corredores, en una actividad que viene sumando adeptos d\u00eda a d\u00eda. Es un deporte que parece individual pero no. Estamos contentos de que este en el club&#8230;\u00bb Cerro el presidente de la entidad<\/p>\n<p>ESCUCHAR ENTREVISTA COMPLETA<br \/>\n<iframe loading=\"lazy\" src=\"https:\/\/drive.google.com\/file\/d\/1oAg1IzLlHEDQxECTgvatapsrjZJqDUso\/preview\" width=\"320\" height=\"80\" allow=\"autoplay\"><\/iframe><br \/>\n&nbsp;<\/p>\n","protected":false},"excerpt":{"rendered":"<p>\u00abWalter Ortiz presidente del club Atl\u00e9tico Ranchos dialogo este jueves en Tiempo de Radio (90.1 Mhz Chascom\u00fas y 90.7 Mhz<\/p>\n","protected":false},"author":3,"featured_media":17098,"comment_status":"open","ping_status":"open","sticky":false,"template":"","format":"standard","meta":{"colormag_page_container_layout":"default_layout","colormag_page_sidebar_layout":"default_layout","footnotes":""},"categories":[1,5,38,44,43],"tags":[],"class_list":["post-33255","post","type-post","status-publish","format-standard","has-post-thumbnail","hentry","category-actualidad","category-deportivas","category-destacadas","category-general-paz","category-notas-con-audio"],"_links":{"self":[{"href":"https:\/\/grupotiempodigital.com.ar\/index.php?rest_route=\/wp\/v2\/posts\/33255","targetHints":{"allow":["GET"]}}],"collection":[{"href":"https:\/\/grupotiempodigital.com.ar\/index.php?rest_route=\/wp\/v2\/posts"}],"about":[{"href":"https:\/\/grupotiempodigital.com.ar\/index.php?rest_route=\/wp\/v2\/types\/post"}],"author":[{"embeddable":true,"href":"https:\/\/grupotiempodigital.com.ar\/index.php?rest_route=\/wp\/v2\/users\/3"}],"replies":[{"embeddable":true,"href":"https:\/\/grupotiempodigital.com.ar\/index.php?rest_route=%2Fwp%2Fv2%2Fcomments&post=33255"}],"version-history":[{"count":2,"href":"https:\/\/grupotiempodigital.com.ar\/index.php?rest_route=\/wp\/v2\/posts\/33255\/revisions"}],"predecessor-version":[{"id":33257,"href":"https:\/\/grupotiempodigital.com.ar\/index.php?rest_route=\/wp\/v2\/posts\/33255\/revisions\/33257"}],"wp:featuredmedia":[{"embeddable":true,"href":"https:\/\/grupotiempodigital.com.ar\/index.php?rest_route=\/wp\/v2\/media\/17098"}],"wp:attachment":[{"href":"https:\/\/grupotiempodigital.com.ar\/index.php?rest_route=%2Fwp%2Fv2%2Fmedia&parent=33255"}],"wp:term":[{"taxonomy":"category","embeddable":true,"href":"https:\/\/grupotiempodigital.com.ar\/index.php?rest_route=%2Fwp%2Fv2%2Fcategories&post=33255"},{"taxonomy":"post_tag","embeddable":true,"href":"https:\/\/grupotiempodigital.com.ar\/index.php?rest_route=%2Fwp%2Fv2%2Ftags&post=33255"}],"curies":[{"name":"wp","href":"https:\/\/api.w.org\/{rel}","templated":true}]}}