{"id":32535,"date":"2021-06-30T13:41:53","date_gmt":"2021-06-30T16:41:53","guid":{"rendered":"https:\/\/grupotiempodigital.com.ar\/?p=32535"},"modified":"2021-06-30T13:41:53","modified_gmt":"2021-06-30T16:41:53","slug":"nueva-partida-de-vacunas-en-general-paz-e-informe-sobre-el-estado-de-situacion-de-la-campana-de-vacunacion-contra-el-covid-19","status":"publish","type":"post","link":"https:\/\/grupotiempodigital.com.ar\/?p=32535","title":{"rendered":"NUEVA PARTIDA DE VACUNAS EN GENERAL PAZ e INFORME SOBRE EL ESTADO DE SITUACI\u00d3N DE LA CAMPA\u00d1A DE VACUNACI\u00d3N CONTRA EL COVID-19"},"content":{"rendered":"<div class=\"o9v6fnle cxmmr5t8 oygrvhab hcukyx3x c1et5uql ii04i59q\">\n<div dir=\"auto\">En horas de la ma\u00f1ana, lleg\u00f3 al centro vacunatorio del distrito en el Gimnasio Mayor del Centro de Educaci\u00f3n F\u00edsica una nueva partida de 1800 dosis de la vacuna de AstraZeneca. Las mismas ser\u00e1n utilizadas tanto para la aplicaci\u00f3n de primeras dosis como para completar el esquema de inmunizaci\u00f3n de quienes ya lo iniciaron semanas atr\u00e1s.<\/div>\n<\/div>\n<div class=\"o9v6fnle cxmmr5t8 oygrvhab hcukyx3x c1et5uql ii04i59q\">\n<div dir=\"auto\">Hace exactamente un a\u00f1o, en General Paz se confirmaba el primer caso positivo de Covid-19. Hoy, el 86% de los vecinos y vecinas que se registraron en la campa\u00f1a de vacunaci\u00f3n, recibieron al menos una dosis. El final de la pandemia est\u00e1 m\u00e1s cerca y la vacuna es el camino.<\/div>\n<div dir=\"auto\"><span style=\"line-height: 1.8;\">A partir de ma\u00f1ana, la vacunaci\u00f3n es libre y pueden recibir la primera dosis sin turno previo todas las personas mayores de 50 a\u00f1os, personal de educaci\u00f3n, de salud y seguridad, y adultos con factores de riesgo, con la acreditaci\u00f3n correspondiente de su patolog\u00eda. Si todav\u00eda no te registraste, pod\u00e9s hacerlo en la plataforma del Gobierno de la Provincia de Buenos Aires <\/span><a class=\"oajrlxb2 g5ia77u1 qu0x051f esr5mh6w e9989ue4 r7d6kgcz rq0escxv nhd2j8a9 nc684nl6 p7hjln8o kvgmc6g5 cxmmr5t8 oygrvhab hcukyx3x jb3vyjys rz4wbd8a qt6c0cv9 a8nywdso i1ao9s8h esuyzwwr f1sip0of lzcic4wl py34i1dx gpro0wi8\" style=\"line-height: 1.8; background-color: #ffffff;\" tabindex=\"0\" role=\"link\" href=\"https:\/\/www.vacunate.gba.gob.ar\/?fbclid=IwAR2wbGKE-VweYLLDJ32XjoTEPRv6ozthnhJoI3GY3JmjBMluwHztVLjvNnU\" target=\"_blank\" rel=\"nofollow noopener\">www.vacunate.gba.gob.ar<\/a><span style=\"line-height: 1.8;\"> y tambi\u00e9n completando la Declaraci\u00f3n Jurada en el sitio web de la Municipalidad de General Paz.<\/span><\/div>\n<div dir=\"auto\">\n<div class=\"o9v6fnle cxmmr5t8 oygrvhab hcukyx3x c1et5uql ii04i59q\">\n<h3 dir=\"auto\" style=\"text-align: center;\">INFORME SOBRE EL ESTADO DE SITUACI\u00d3N DE LA CAMPA\u00d1A DE VACUNACI\u00d3N CONTRA EL COVID-19 EN EL DISTRITO<\/h3>\n<\/div>\n<div class=\"o9v6fnle cxmmr5t8 oygrvhab hcukyx3x c1et5uql ii04i59q\">\n<div dir=\"auto\" style=\"text-align: center;\"><strong>DATOS AL MARTES 29 DE JUNIO A LAS 20:00 HS.<\/strong><\/div>\n<\/div>\n<div class=\"o9v6fnle cxmmr5t8 oygrvhab hcukyx3x c1et5uql ii04i59q\">\n<div dir=\"auto\"><span class=\"pq6dq46d tbxw36s4 knj5qynh kvgmc6g5 ditlmg2l oygrvhab nvdbi5me sf5mxxl7 gl3lb2sf hhz5lgdu\">*<\/span>A la fecha, 7320 vecinos de General Paz recibieron al menos una dosis de la vacuna. Entre ellos, 3375 personas ya completaron el esquema de inmunizaci\u00f3n tras recibir ambas aplicaciones.<\/div>\n<\/div>\n<div class=\"o9v6fnle cxmmr5t8 oygrvhab hcukyx3x c1et5uql ii04i59q\">\n<div dir=\"auto\">* 8557 personas es el total de vecinos registrados en la plataforma provincial Vacunate PBA.<\/div>\n<\/div>\n<div class=\"o9v6fnle cxmmr5t8 oygrvhab hcukyx3x c1et5uql ii04i59q\">\n<div dir=\"auto\"><span class=\"pq6dq46d tbxw36s4 knj5qynh kvgmc6g5 ditlmg2l oygrvhab nvdbi5me sf5mxxl7 gl3lb2sf hhz5lgdu\">* <\/span>Detalle de vacunados con al menos una dosis por grupo poblacional <span class=\"pq6dq46d tbxw36s4 knj5qynh kvgmc6g5 ditlmg2l oygrvhab nvdbi5me sf5mxxl7 gl3lb2sf hhz5lgdu\"><img loading=\"lazy\" decoding=\"async\" src=\"https:\/\/static.xx.fbcdn.net\/images\/emoji.php\/v9\/t4f\/1\/16\/1f447.png\" alt=\"\ud83d\udc47\" width=\"16\" height=\"16\" \/><\/span><\/div>\n<\/div>\n<div class=\"o9v6fnle cxmmr5t8 oygrvhab hcukyx3x c1et5uql ii04i59q\">\n<div dir=\"auto\"><span class=\"pq6dq46d tbxw36s4 knj5qynh kvgmc6g5 ditlmg2l oygrvhab nvdbi5me sf5mxxl7 gl3lb2sf hhz5lgdu\">&#8211;<\/span>\u00a0Mayores de 60 a\u00f1os: 99%<\/div>\n<div dir=\"auto\"><span style=\"line-height: 1.8;\">&#8211; Menores de 60 a\u00f1os con patolog\u00edas de riesgo: 95%<\/span><\/div>\n<\/div>\n<div class=\"o9v6fnle cxmmr5t8 oygrvhab hcukyx3x c1et5uql ii04i59q\">\n<div dir=\"auto\"><span class=\"pq6dq46d tbxw36s4 knj5qynh kvgmc6g5 ditlmg2l oygrvhab nvdbi5me sf5mxxl7 gl3lb2sf hhz5lgdu\">&#8211;<\/span> Menores de 60 a\u00f1os sin patolog\u00edas: 66%<\/div>\n<\/div>\n<div class=\"o9v6fnle cxmmr5t8 oygrvhab hcukyx3x c1et5uql ii04i59q\">\n<div dir=\"auto\"><span class=\"pq6dq46d tbxw36s4 knj5qynh kvgmc6g5 ditlmg2l oygrvhab nvdbi5me sf5mxxl7 gl3lb2sf hhz5lgdu\">&#8211; <\/span>Personal de salud: 98%<\/div>\n<\/div>\n<div class=\"o9v6fnle cxmmr5t8 oygrvhab hcukyx3x c1et5uql ii04i59q\">\n<div dir=\"auto\">&#8211; \u00a0Docentes y auxiliares: 98%<\/div>\n<\/div>\n<div class=\"o9v6fnle cxmmr5t8 oygrvhab hcukyx3x c1et5uql ii04i59q\">\n<div dir=\"auto\"><span class=\"pq6dq46d tbxw36s4 knj5qynh kvgmc6g5 ditlmg2l oygrvhab nvdbi5me sf5mxxl7 gl3lb2sf hhz5lgdu\">&#8211;<\/span> Personal de seguridad: 88%<\/div>\n<\/div>\n<div class=\"o9v6fnle cxmmr5t8 oygrvhab hcukyx3x c1et5uql ii04i59q\">\n<div dir=\"auto\">* Durante los d\u00edas jueves y viernes, se continuar\u00e1 aplicando vacunas. Es importante constatar el correo electr\u00f3nico para verificar si recibieron un turno de vacunaci\u00f3n.<\/div>\n<\/div>\n<div class=\"o9v6fnle cxmmr5t8 oygrvhab hcukyx3x c1et5uql ii04i59q\">\n<div dir=\"auto\"><span class=\"pq6dq46d tbxw36s4 knj5qynh kvgmc6g5 ditlmg2l oygrvhab nvdbi5me sf5mxxl7 gl3lb2sf hhz5lgdu\">* <\/span>Para todas las vacunas, se establece un intervalo de 12 semanas para el llamado de aplicaci\u00f3n de la segunda dosis, que permita organizar el sistema de vacunaci\u00f3n. Ninguna vacuna se vence aunque se superen los 90 d\u00edas.<\/div>\n<\/div>\n<div class=\"o9v6fnle cxmmr5t8 oygrvhab hcukyx3x c1et5uql ii04i59q\">\n<div dir=\"auto\">* En este momento, m\u00e1s que nunca, apelamos a la conducta y responsabilidad individual y social.<\/div>\n<div dir=\"auto\"><a href=\"https:\/\/grupotiempodigital.com.ar\/wp-content\/uploads\/2021\/06\/cuadro.jpg\"><img loading=\"lazy\" decoding=\"async\" class=\"aligncenter size-full wp-image-32537\" src=\"https:\/\/grupotiempodigital.com.ar\/wp-content\/uploads\/2021\/06\/cuadro.jpg\" alt=\"\" width=\"960\" height=\"541\" srcset=\"https:\/\/grupotiempodigital.com.ar\/wp-content\/uploads\/2021\/06\/cuadro.jpg 960w, https:\/\/grupotiempodigital.com.ar\/wp-content\/uploads\/2021\/06\/cuadro-300x169.jpg 300w, https:\/\/grupotiempodigital.com.ar\/wp-content\/uploads\/2021\/06\/cuadro-768x433.jpg 768w, https:\/\/grupotiempodigital.com.ar\/wp-content\/uploads\/2021\/06\/cuadro-720x405.jpg 720w\" sizes=\"auto, (max-width: 960px) 100vw, 960px\" \/><\/a><\/div>\n<\/div>\n<\/div>\n<\/div>\n","protected":false},"excerpt":{"rendered":"<p>En horas de la ma\u00f1ana, lleg\u00f3 al centro vacunatorio del distrito en el Gimnasio Mayor del Centro de Educaci\u00f3n F\u00edsica<\/p>\n","protected":false},"author":3,"featured_media":32539,"comment_status":"open","ping_status":"open","sticky":false,"template":"","format":"standard","meta":{"colormag_page_container_layout":"default_layout","colormag_page_sidebar_layout":"default_layout","footnotes":""},"categories":[1],"tags":[],"class_list":["post-32535","post","type-post","status-publish","format-standard","has-post-thumbnail","hentry","category-actualidad"],"_links":{"self":[{"href":"https:\/\/grupotiempodigital.com.ar\/index.php?rest_route=\/wp\/v2\/posts\/32535","targetHints":{"allow":["GET"]}}],"collection":[{"href":"https:\/\/grupotiempodigital.com.ar\/index.php?rest_route=\/wp\/v2\/posts"}],"about":[{"href":"https:\/\/grupotiempodigital.com.ar\/index.php?rest_route=\/wp\/v2\/types\/post"}],"author":[{"embeddable":true,"href":"https:\/\/grupotiempodigital.com.ar\/index.php?rest_route=\/wp\/v2\/users\/3"}],"replies":[{"embeddable":true,"href":"https:\/\/grupotiempodigital.com.ar\/index.php?rest_route=%2Fwp%2Fv2%2Fcomments&post=32535"}],"version-history":[{"count":2,"href":"https:\/\/grupotiempodigital.com.ar\/index.php?rest_route=\/wp\/v2\/posts\/32535\/revisions"}],"predecessor-version":[{"id":32538,"href":"https:\/\/grupotiempodigital.com.ar\/index.php?rest_route=\/wp\/v2\/posts\/32535\/revisions\/32538"}],"wp:featuredmedia":[{"embeddable":true,"href":"https:\/\/grupotiempodigital.com.ar\/index.php?rest_route=\/wp\/v2\/media\/32539"}],"wp:attachment":[{"href":"https:\/\/grupotiempodigital.com.ar\/index.php?rest_route=%2Fwp%2Fv2%2Fmedia&parent=32535"}],"wp:term":[{"taxonomy":"category","embeddable":true,"href":"https:\/\/grupotiempodigital.com.ar\/index.php?rest_route=%2Fwp%2Fv2%2Fcategories&post=32535"},{"taxonomy":"post_tag","embeddable":true,"href":"https:\/\/grupotiempodigital.com.ar\/index.php?rest_route=%2Fwp%2Fv2%2Ftags&post=32535"}],"curies":[{"name":"wp","href":"https:\/\/api.w.org\/{rel}","templated":true}]}}