{"id":32531,"date":"2021-06-30T08:03:02","date_gmt":"2021-06-30T11:03:02","guid":{"rendered":"https:\/\/grupotiempodigital.com.ar\/?p=32531"},"modified":"2021-06-30T11:16:30","modified_gmt":"2021-06-30T14:16:30","slug":"informa-anses-269","status":"publish","type":"post","link":"https:\/\/grupotiempodigital.com.ar\/?p=32531","title":{"rendered":"Informa ANSES"},"content":{"rendered":"<p class=\"yiv2711715216MsoNormal\" align=\"center\"><b>CALENDARIO DE PAGO DE HOY MI\u00c9RCOLES 30 DE JUNIO<\/b><\/p>\n<p class=\"yiv2711715216MsoNormal\"><strong>Hoy se abona el pago a las y los beneficiarios del Programa de Recuperaci\u00f3n Productiva II (REPRO II) de la AFIP, para dar alivio econ\u00f3mico a las compa\u00f1\u00edas y al personal afectado por la ca\u00edda de la actividad debido al Covid-19.<\/strong><\/p>\n<p class=\"yiv3847501770MsoNormal\" align=\"left\"><strong>Tercer pago de <i>Cultura Solidaria<\/i><\/strong><\/p>\n<p class=\"yiv3847501770MsoNormal\" align=\"center\"><strong>FERNANDA RAVERTA: \u201c<i>LA CAMPA\u00d1A DE VACUNACI\u00d3N NOS PERMITE TENER ESPERANZA PARA SEGUIR AVANZANDO<\/i>\u201d<\/strong><\/p>\n<p class=\"yiv3847501770MsoNormal\">En el marco de la visita al vacunatorio instalado en Tecn\u00f3polis, el gobernador de la provincia de Buenos Aires, <b>Axel Kicillof<\/b>; el ministro de Cultura de la Naci\u00f3n, <b>Trist\u00e1n Bauer<\/b>, y la directora ejecutiva de la ANSES, <b>Fernanda Raverta<\/b>, anunciaron hoy el pago de la tercera cuota de 15 mil pesos del apoyo econ\u00f3mico <i>Cultura Solidaria<\/i>.<\/p>\n<p class=\"yiv3847501770MsoNormal\">Este pago extraordinario, que <b>alcanza a 50.757 artistas <\/b>de distintas \u00e1reas de la industria cultural, representa una <b>inversi\u00f3n de m\u00e1s de 4000 millones<\/b>,<b> <\/b>y tiene el objetivo de<b> <\/b>mitigar los efectos de la pandemia por el Covid-19. As\u00ed, esta nueva cuota se suma a las dos ya abonadas, tambi\u00e9n de 15 mil pesos cada una.<\/p>\n<p class=\"yiv3847501770MsoNormal\">En este marco, <b>Kicillof<\/b> sostuvo que \u201c<i><span lang=\"ES\">esta es una muy buena noticia para el arte y la cultura de nuestra provincia y del pa\u00eds, porque este virus, que nos cambi\u00f3 la vida a todos, afect\u00f3 con m\u00e1s rigor a determinados sectores de la sociedad, como el arte y la cultura. Esta medida tiene que ver con acompa\u00f1ar, asistir, ayudar y cuidar a quienes m\u00e1s lo necesitan<\/span><\/i>\u201d.<\/p>\n<p class=\"yiv3847501770MsoNormal\">En tanto, <b>Bauer<\/b> se\u00f1al\u00f3: <i>\u201cEstas <\/i><i><span lang=\"ES\">becas surgieron como respuesta a la toma de conciencia de lo dificultoso que este tiempo es para las industrias culturales. A su vez, muchos de los becarios est\u00e1n llevando su arte a los centros de vacunaci\u00f3n y est\u00e1n ense\u00f1ando a otros, por eso estoy seguro de que vamos a salir de esta crisis m\u00e1s solidarios y fortalecidos<\/span><\/i><span lang=\"ES\">\u201d.<\/span><\/p>\n<p class=\"yiv3847501770MsoNormal\">Por su parte, <b>Raverta <\/b>afirm\u00f3 que \u201c<i><span lang=\"ES\">la campa\u00f1a de vacunaci\u00f3n nos permite tener esperanza para seguir avanzando en el camino del trabajo y la producci\u00f3n. Esta pol\u00edtica est\u00e1 en relaci\u00f3n con la Argentina que se pone de pie, no niega las complejidades, piensa instrumentos para salir adelante y quiere brindar una mano para que nadie se sienta solo<\/span><\/i><span lang=\"ES\">. <i>Porque una beca es, adem\u00e1s de un apoyo econ\u00f3mico, una forma de decirles a los artistas que necesitamos que sigan haciendo lo que hacen\u201d.<\/i><\/span><\/p>\n<p class=\"yiv3847501770MsoNormal\">Del acto tambi\u00e9n participaron autoridades del Ministerio de Cultura, de la ANSES, de la provincia de Buenos Aires y, mediante videoconferencia, miembros del Consejo Federal de Cultura.<\/p>\n","protected":false},"excerpt":{"rendered":"<p>CALENDARIO DE PAGO DE HOY MI\u00c9RCOLES 30 DE JUNIO Hoy se abona el pago a las y los beneficiarios del<\/p>\n","protected":false},"author":3,"featured_media":20607,"comment_status":"open","ping_status":"open","sticky":false,"template":"","format":"standard","meta":{"colormag_page_container_layout":"default_layout","colormag_page_sidebar_layout":"default_layout","footnotes":""},"categories":[1],"tags":[],"class_list":["post-32531","post","type-post","status-publish","format-standard","has-post-thumbnail","hentry","category-actualidad"],"_links":{"self":[{"href":"https:\/\/grupotiempodigital.com.ar\/index.php?rest_route=\/wp\/v2\/posts\/32531","targetHints":{"allow":["GET"]}}],"collection":[{"href":"https:\/\/grupotiempodigital.com.ar\/index.php?rest_route=\/wp\/v2\/posts"}],"about":[{"href":"https:\/\/grupotiempodigital.com.ar\/index.php?rest_route=\/wp\/v2\/types\/post"}],"author":[{"embeddable":true,"href":"https:\/\/grupotiempodigital.com.ar\/index.php?rest_route=\/wp\/v2\/users\/3"}],"replies":[{"embeddable":true,"href":"https:\/\/grupotiempodigital.com.ar\/index.php?rest_route=%2Fwp%2Fv2%2Fcomments&post=32531"}],"version-history":[{"count":3,"href":"https:\/\/grupotiempodigital.com.ar\/index.php?rest_route=\/wp\/v2\/posts\/32531\/revisions"}],"predecessor-version":[{"id":32534,"href":"https:\/\/grupotiempodigital.com.ar\/index.php?rest_route=\/wp\/v2\/posts\/32531\/revisions\/32534"}],"wp:featuredmedia":[{"embeddable":true,"href":"https:\/\/grupotiempodigital.com.ar\/index.php?rest_route=\/wp\/v2\/media\/20607"}],"wp:attachment":[{"href":"https:\/\/grupotiempodigital.com.ar\/index.php?rest_route=%2Fwp%2Fv2%2Fmedia&parent=32531"}],"wp:term":[{"taxonomy":"category","embeddable":true,"href":"https:\/\/grupotiempodigital.com.ar\/index.php?rest_route=%2Fwp%2Fv2%2Fcategories&post=32531"},{"taxonomy":"post_tag","embeddable":true,"href":"https:\/\/grupotiempodigital.com.ar\/index.php?rest_route=%2Fwp%2Fv2%2Ftags&post=32531"}],"curies":[{"name":"wp","href":"https:\/\/api.w.org\/{rel}","templated":true}]}}