{"id":32527,"date":"2021-06-29T20:56:37","date_gmt":"2021-06-29T23:56:37","guid":{"rendered":"https:\/\/grupotiempodigital.com.ar\/?p=32527"},"modified":"2021-07-02T14:02:02","modified_gmt":"2021-07-02T17:02:02","slug":"francisco-benedetti-la-odisea-de-la-entradera-a-su-hogar-y-una-tragedia-que-no-fue","status":"publish","type":"post","link":"https:\/\/grupotiempodigital.com.ar\/?p=32527","title":{"rendered":"Francisco Benedetti: \u00abLa odisea de la entradera a su hogar y una tragedia que no fue\u00bb"},"content":{"rendered":"<p>Francisco Benedetti, victima de brutal asalto en Chascom\u00fas el pasado viernes a la noche dialog\u00f3 con Tiempo de Radio este martes<\/p>\n<p>\u00abLlegamos a casa con mi se\u00f1ora, mi hija y una amiga en la camioneta. Y en ese momento nos abordaron tres personas encapuchadas. Nos metieron adentro y nos ped\u00edan la plata. Los tred malhechores estaban encapuchados y me ped\u00edan plata, ellos sab\u00edan todos los movimientos m\u00edos y de mi viejo. En un principio supuse que nos hab\u00edan vendido. Ataron a mi familia y a mi.me golpearon. Las apartaron de mi, me llevaron al dormitorio matrimonial y ah\u00ed me pegaban y me ped\u00edan la plata. Finalmente deciden llamar a mi papa, eso me hizo pensar que alguien nos vendi\u00f3 porque sab\u00edan todo. Como mi pap\u00e1 no me cre\u00eda lo que me estaba ocurriendo me sacaron el tel\u00e9fono y lo amenazaron. Le dicen que venga r\u00e1pido y traiga la plata y como no estaban seguros en mi casa me suben a mi camioneta para negociar en la calle y los otros suben a la moto de mi mujer y vienen detr\u00e1s de la camioneta. Salimos para el lado de la laguna y ah\u00ed nos cruzamos con mi viejo que llegaba. Lo llaman y le decian \u00abseguinos o lo matamos\u00bb. Mi viejo vino con mi hermano y nos pasa con su camioneta y la atravieza adelante de la m\u00eda. Cuando baja mi hermano pensaron que era un polic\u00eda y me vuelven a subir a la camioneta para volver a casa. Ah\u00ed mi viejo nos cruza de nuevo la camioneta y me hace frenar. Mi viejo se baja y forcejea con el malhechor. Mi hermano hab\u00eda quedado a 2 cuadras forcejeando con los de la moto. Cuando finalmente mi papa sube a su camioneta para darle la plata yo atropell\u00e9 al ladr\u00f3n con mi camioneta y ah\u00ed se le sali\u00f3 la capucha y me di cuenta que era un conocido malhechor de Chascom\u00fas. Me bajo y nos empezamos a trompear. En ese momento llega el hermano del ladr\u00f3n, que hab\u00eda quedado peleando con mi hermano y me empieza a patear por todos lados. Mi viejo volvi\u00f3 a salir de la cabina para ayudarme con estos dos. En ese momento llega la polic\u00eda por calle D\u00edaz V\u00e9lez y yo lo suelto porque la polic\u00eda pensaba que era yo el que hacia el da\u00f1o. El malviviente se levanta y los increpa a los polic\u00edas a un metro de distancia y los apunta con el arma mientras que mi hermano estaba peleando con quien al sacarle las capuchas ya hab\u00edamos identificado como dOs hermanos de ac\u00e1 de Chascomus ( en una nota el s\u00e1bado ya los nombr\u00f3 pero ahora ratific\u00f3 que son los nombrados pero sin repetir las identidades) y finalmente todos escapan creo que usando la traza ferroviaria vieja\u00bb relat\u00f3.<\/p>\n<p>Cuando se le pregunto sobre si en la lucha entre su padre Horacio y el ladr\u00f3n su padre con alg\u00fan elemento le produjo un corte al malviviente contest\u00f3 \u00abYo cuando se lo saco de encima a mi papa y el ve que me empieza a pegar culatazos en el cabeza en su bronca saca el cuchillo que siempre tiene encima.como todo hombre que anda en el campo y veo cuando el cuchillo me pasa por adelante y se que el cuchillo despues estaba ensangrentado. Mi papa est\u00e1 golpeado pero est\u00e1 bien. A pesar de todo lo malo el sigue luchando por su familia&#8230;\u00bb<\/p>\n<p>Luego del duro relato de lo que le toco vivir, se le pregunto sobre la vuelta a su casa. Ante esto remarc\u00f3 \u00abEstoy d\u00e1ndole tiempo a mi mujer, pero tengo que tomar recaudos: rejas, perro lo que sea. La intendencia me dijo que va a iluminar la zona, van a desmalezar la v\u00eda. Ahora a tomar los recaudos permanentes. La justicia har\u00e1 lo que tenga que hacer&#8230;\u00bb expreso.<\/p>\n<p>En el d\u00eda de ayer Benedetti debi\u00f3 comparecer en sede de la fiscal\u00eda para ampliar declaraciones \u00abSon optimistas para la detenci\u00f3n porque se encontr\u00f3 un auto con manchas de sangre. Hay que esperar porque en Chascom\u00fas esta gente no est\u00e1 y la investigaci\u00f3n tiene sus tiempos\u00bb.<\/p>\n<p>La ultima pregunta fue \u00abpor qu\u00e9 cree que no dispararon, dado que los malhechores esgrimieron por lo menos un arma. \u00abYo creo que un chorro con tanto prontuario ten\u00eda el arma cargada. Para mi el no se esperaba la reacci\u00f3n de nosotros. En el forcejeo mas de una vez creo que se le trabo el arma y el se desesperaba por destrabarla., Para mi padre en ese momento era el chorro o su familia. La plata de la camioneta se la llevaron y no sabemos como pero se llevaron plata de las dos camionetas&#8230;\u00bb<\/p>\n<p>Por ultimo agradeci\u00f3 a todos los que lo acompa\u00f1an en este momento \u00abTengo que agradecer a la fiscal\u00eda polic\u00eda grupo GAD intendente, secretario de seguridad porque se<br \/>\nPreocuparon de nosotros. Tambi\u00e9n a mis vecinos y conocidos&#8230;\u00bb expres\u00f3 Francisco Benedetti y se despidi\u00f3 dejando un mensaje a los oyentes de Tiempo de Radio \u00abLamentablemente hay que cuidarse&#8230;&#8230;no quisi\u00e9ramos que nos pasara de nuevo. La sociedad esta envidiosa enojada y por todo eso hace da\u00f1o. Esos chorros no son amigos m\u00edos, alguien me bati\u00f3. Por eso no hay que contar nada de uno y sobre todo en temas de dinero\u00bb<br \/>\nUna odisea que no termin\u00f3 en tragedia por milagro.<br \/>\nN de R: Hasta el momento no hay detenidos por este hecho.<\/p>\n<p><strong>ESCUCHAR ENTREVISTA COMPLETA<\/strong><\/p>\n<p><iframe loading=\"lazy\" src=\"https:\/\/drive.google.com\/file\/d\/1Djf8YMR3AE3G7iACCiZMhmLQSpm-CegE\/preview\" width=\"320\" height=\"70\"><span data-mce-type=\"bookmark\" style=\"display: inline-block; width: 0px; overflow: hidden; line-height: 0;\" class=\"mce_SELRES_start\">\ufeff<\/span><\/iframe><\/p>\n","protected":false},"excerpt":{"rendered":"<p>Francisco Benedetti, victima de brutal asalto en Chascom\u00fas el pasado viernes a la noche dialog\u00f3 con Tiempo de Radio este<\/p>\n","protected":false},"author":3,"featured_media":32529,"comment_status":"open","ping_status":"open","sticky":false,"template":"","format":"standard","meta":{"colormag_page_container_layout":"default_layout","colormag_page_sidebar_layout":"default_layout","footnotes":""},"categories":[1,45,38,43,39],"tags":[],"class_list":["post-32527","post","type-post","status-publish","format-standard","has-post-thumbnail","hentry","category-actualidad","category-chascomus","category-destacadas","category-notas-con-audio","category-policiales"],"_links":{"self":[{"href":"https:\/\/grupotiempodigital.com.ar\/index.php?rest_route=\/wp\/v2\/posts\/32527","targetHints":{"allow":["GET"]}}],"collection":[{"href":"https:\/\/grupotiempodigital.com.ar\/index.php?rest_route=\/wp\/v2\/posts"}],"about":[{"href":"https:\/\/grupotiempodigital.com.ar\/index.php?rest_route=\/wp\/v2\/types\/post"}],"author":[{"embeddable":true,"href":"https:\/\/grupotiempodigital.com.ar\/index.php?rest_route=\/wp\/v2\/users\/3"}],"replies":[{"embeddable":true,"href":"https:\/\/grupotiempodigital.com.ar\/index.php?rest_route=%2Fwp%2Fv2%2Fcomments&post=32527"}],"version-history":[{"count":5,"href":"https:\/\/grupotiempodigital.com.ar\/index.php?rest_route=\/wp\/v2\/posts\/32527\/revisions"}],"predecessor-version":[{"id":32613,"href":"https:\/\/grupotiempodigital.com.ar\/index.php?rest_route=\/wp\/v2\/posts\/32527\/revisions\/32613"}],"wp:featuredmedia":[{"embeddable":true,"href":"https:\/\/grupotiempodigital.com.ar\/index.php?rest_route=\/wp\/v2\/media\/32529"}],"wp:attachment":[{"href":"https:\/\/grupotiempodigital.com.ar\/index.php?rest_route=%2Fwp%2Fv2%2Fmedia&parent=32527"}],"wp:term":[{"taxonomy":"category","embeddable":true,"href":"https:\/\/grupotiempodigital.com.ar\/index.php?rest_route=%2Fwp%2Fv2%2Fcategories&post=32527"},{"taxonomy":"post_tag","embeddable":true,"href":"https:\/\/grupotiempodigital.com.ar\/index.php?rest_route=%2Fwp%2Fv2%2Ftags&post=32527"}],"curies":[{"name":"wp","href":"https:\/\/api.w.org\/{rel}","templated":true}]}}