{"id":31351,"date":"2021-04-27T17:09:06","date_gmt":"2021-04-27T20:09:06","guid":{"rendered":"https:\/\/grupotiempodigital.com.ar\/?p=31351"},"modified":"2021-04-28T08:49:26","modified_gmt":"2021-04-28T11:49:26","slug":"el-dramatico-relato-de-la-situacion-sanitaria-del-dr-chaparro-jefe-uti-del-i-m-platense-desgarrador","status":"publish","type":"post","link":"https:\/\/grupotiempodigital.com.ar\/?p=31351","title":{"rendered":"EL DRAMATICO RELATO DE LA SITUACION SANITARIA DEL DR CHAPARRO JEFE UTI DEL I. M. PLATENSE. DESGARRADOR !!!!"},"content":{"rendered":"<p>En la ma\u00f1ana de este martes Rub\u00e9n Mart\u00ednez dialogo en las radios de TIEMPO con el Director de la Unidad de Terapia Intensiva ( UTI) del Instituto Medico Platense Dr. Gustavo Chaparro en una dram\u00e1tica entrevista de casi 50 minutos para conocer de primera mano como es la situaci\u00f3n de las UTI en una ciudad como La Plata.<\/p>\n<p>\u00abLa situaci\u00f3n es critica en La Plata en general. Es dif\u00edcil conseguir una cama a pesar de la obra social que tenga el.paciente. El domingo me pas\u00f3 de ventilar una persona en la guardia que tenia 44 a\u00f1os. Si alguien dice que las UTIS tienen una ocupaci\u00f3n de 70 a 80 por ciento es mentira. La ocupaci\u00f3n de las camas de UTI Covid son del 100 por ciento. Lo venimos diciendo hace semanas: hay que cerrar todo 15 d\u00edas. Y eso no significa que esos resultados se vean en 15 d\u00edas. Los resultados de hoy son de hace mas de 15 d\u00edas atr\u00e1s&#8230;\u00bb explic\u00f3 sobre la critica situaci\u00f3n de las terapias intensivas y aclar\u00f3 sobre las diferentes versiones de camas en cualquier lado \u00bb puedo decir que hemos bajado respiradores a la guardia&#8230;\u00bb<\/p>\n<p>Al ser consultado sobre la capacidad psicof\u00edsica de las personas que trabajan en este sector Chaparro dijo \u00abEstamos desbordados. No podemos trabajar as\u00ed, si uno se acuesta a dormir y el paciente levanta fiebre a la madrugada y le das el tratamiento que necesitaba a la ma\u00f1ana siguiente a ese paciente lo perdes &#8230;\u00bb explico y paso a sintetizar el seguimiento de un paciente en UTI \u00abEl paciente que esta con respirador esta sedado con relajante muscular, por lo que no puede hacer nada. Hay que monitorear que no caiga la presi\u00f3n; si cae tenemos que proteger el ri\u00f1\u00f3n. Si el tratamiento no resulta uno de los m\u00e9todos es ponerlo boca abajo, sin que se le salgan los cat\u00e9teres. Y si tenes todas las camas de Terapia con esos pacientes no das abasto&#8230;\u00bb<\/p>\n<p>\u00abA las terapias intensivas hubo que prepararlas, porque en general ten\u00edamos terapias con 7 camas con distanciamiento y una cama aislada para un paciente que pudiera tener tuberculosis o gripe. Hoy tuvimos que separarlas con puertas de vidrio, porque sino se contagia el personal y los pacientes. Las terapias se tuvieron que acondicionar por eso cuentan camas que hay pero que no son para Covid&#8230;\u00bb explico el Dr. de la UTI del instituto Medico Platense<\/p>\n<p>Al ser consultado sobre los traslados de la regi\u00f3n hacia la capital de la provincia el Dr. Chaparro contesto \u00abEsto ya no viene ocurriendo hace varios d\u00edas. Hace unos d\u00edas com\u00eda con un director de Terapia conocido y nos sonaban los celulares por llamados o WhatsApp para pedirnos camas y ten\u00edamos que decirles que no. Es horrible porque es una cosa que tenes que proveer. Hay que hacer triage si atendes a 20 personas pero en una cat\u00e1strofe como esta atendes a miles. Se est\u00e1 empezando a hacer eso para ver quien entra y quien no Van a tener que tomar medidas urgentes porque esto no va para m\u00e1s. Mi opini\u00f3n es pasar ya,a fase cero\u00bb<\/p>\n<p>\u00abEsta segunda ola ha afectado principalmente a personas j\u00f3venes, de los cuales algunos casos debieron ser internados en UTI. Para que los oyentes de los medios de Tiempo conozcan el Dr. Chaparro grafic\u00f3 la situaci\u00f3n de la siguiente manera \u00abel otro d\u00eda entramos un paciente de 70 a\u00f1os a la UTI y a la 6 horas trasladamos a un joven de 44 a\u00f1os. Este virus empez\u00f3 atacando a los viejos pero ahora contagia a cualquiera. Es enorme el n\u00famero de contagios que hay.<br \/>\nEsta segunda ola es mucho mayor en contagiosidad que el a\u00f1o pasado.<br \/>\nEsta no es una gripe. Una persona que est\u00e1 con respirador puede quedar con secuelas recuperables parcialmente. Eso.lo sabremos en tres o cuatro a\u00f1os. El otro d\u00eda alg\u00fan jugador de futbol que tuvo covid hacia un pique corto y se ahogaba como si jugara en la altura&#8230;\u00bb<\/p>\n<p>Uno de los grandes problemas que se encuentran las UTI es la falta de profesionales en las mismas. Ante esta problem\u00e1tica el profesional respondi\u00f3 \u00abEs una especialidad muy dif\u00edcil y no seduce a los estudiantes de medicina, por que es una materia que no existe en la Facultad. Los j\u00f3venes no quieren hacer terapia porque es agotador. Y porque est\u00e1 mal.pago. Formar un terapista lleva a\u00f1os y ahora hacerlo apurado no sirve&#8230;\u00bb explic\u00f3 Chaparro y dio un ejemplo aclarador \u00abYo tenia un buen m\u00e9dico de terapia y dej\u00f3 la terapia para trabajar de auditor en una obra social. Pero si se lo planteas a un anestesista te va a decir que el no se va. Un terapista si se va. Mi hija estudi\u00f3 medicina y ahora quiere hacer terapia intensiva y yo le digo que es mucho estudio y que piense cuando tenga hijos y ella me dijo que lo iba a hacer igual&#8230;\u00bb<\/p>\n<p>En la parte final de la nota se le consult\u00f3 por la reacci\u00f3n de su entorno familiar al volver a su casa. Sobre esto Chaparro marc\u00f3 el momento m\u00e1s dram\u00e1tico de la nota: \u00abMi esposa banc\u00f3 siempre la profesi\u00f3n. El a\u00f1o pasado mi mujer estaba con quimioterapia y dorm\u00ed nueve meses en un sill\u00f3n para no contagiarla. Mi mujer falleci\u00f3 en mi terapia un 24 de Diciembre y al d\u00eda siguiente segu\u00ed trabajando&#8230;\u00bb finaliz\u00f3 la entrevista el Dr. Gustavo Chaparro.<br \/>\nAl repasar esta nota el.periodista recuerda que en cada entrevista siempre busca un t\u00edtulo. Repasar esta nota es encontrarse con un almacigo de t\u00edtulos.<br \/>\n\u00bb Hay muchos m\u00e1s pacientes que camas&#8230;\u00bb<br \/>\n\u00bb Hoy estamos haciendo triage ( elegir a que paciente dar prioridad) pero tenemos mil pacientes\u00bb.<br \/>\n\u00bb En mi 2020 no falt\u00e9 un dia,al trabajo, dorm\u00ed nueve meses en un sill\u00f3n para no contagiar, acompa\u00f1\u00e9 a mi esposa en su quimioterapia y finalmente ella muri\u00f3 en mi terapia el 24 de diciembre y yo hice lo.mio y el 25 lo.pase en la sala\u00bb.<br \/>\n\u00bb No es que vamos rumbo al l\u00edmite. Ya lo cruzamos hace rato&#8230;.\u00bb<br \/>\nY much\u00edsimos m\u00e1s. Escucha el que quiera.<\/p>\n<p>VALE LA PENA ESCUCHAR Y HACER ESCUCHAR ESTE AUDIO COMPLETO<\/p>\n<audio class=\"wp-audio-shortcode\" id=\"audio-31351-1\" preload=\"none\" style=\"width: 100%;\" controls=\"controls\"><source type=\"audio\/mpeg\" src=\"http:\/\/www.grupotiempodigital.com.ar\/wp-content\/uploads\/notasgt\/27-04-2021%20-%20Dr%20Gustavo%20Chaparro64.mp3?_=1\" \/><a href=\"http:\/\/www.grupotiempodigital.com.ar\/wp-content\/uploads\/notasgt\/27-04-2021%20-%20Dr%20Gustavo%20Chaparro64.mp3\">http:\/\/www.grupotiempodigital.com.ar\/wp-content\/uploads\/notasgt\/27-04-2021%20-%20Dr%20Gustavo%20Chaparro64.mp3<\/a><\/audio>\n","protected":false},"excerpt":{"rendered":"<p>En la ma\u00f1ana de este martes Rub\u00e9n Mart\u00ednez dialogo en las radios de TIEMPO con el Director de la Unidad<\/p>\n","protected":false},"author":3,"featured_media":31353,"comment_status":"open","ping_status":"open","sticky":false,"template":"","format":"standard","meta":{"colormag_page_container_layout":"default_layout","colormag_page_sidebar_layout":"default_layout","footnotes":""},"categories":[1,38,43,42],"tags":[],"class_list":["post-31351","post","type-post","status-publish","format-standard","has-post-thumbnail","hentry","category-actualidad","category-destacadas","category-notas-con-audio","category-provinciales"],"_links":{"self":[{"href":"https:\/\/grupotiempodigital.com.ar\/index.php?rest_route=\/wp\/v2\/posts\/31351","targetHints":{"allow":["GET"]}}],"collection":[{"href":"https:\/\/grupotiempodigital.com.ar\/index.php?rest_route=\/wp\/v2\/posts"}],"about":[{"href":"https:\/\/grupotiempodigital.com.ar\/index.php?rest_route=\/wp\/v2\/types\/post"}],"author":[{"embeddable":true,"href":"https:\/\/grupotiempodigital.com.ar\/index.php?rest_route=\/wp\/v2\/users\/3"}],"replies":[{"embeddable":true,"href":"https:\/\/grupotiempodigital.com.ar\/index.php?rest_route=%2Fwp%2Fv2%2Fcomments&post=31351"}],"version-history":[{"count":3,"href":"https:\/\/grupotiempodigital.com.ar\/index.php?rest_route=\/wp\/v2\/posts\/31351\/revisions"}],"predecessor-version":[{"id":31369,"href":"https:\/\/grupotiempodigital.com.ar\/index.php?rest_route=\/wp\/v2\/posts\/31351\/revisions\/31369"}],"wp:featuredmedia":[{"embeddable":true,"href":"https:\/\/grupotiempodigital.com.ar\/index.php?rest_route=\/wp\/v2\/media\/31353"}],"wp:attachment":[{"href":"https:\/\/grupotiempodigital.com.ar\/index.php?rest_route=%2Fwp%2Fv2%2Fmedia&parent=31351"}],"wp:term":[{"taxonomy":"category","embeddable":true,"href":"https:\/\/grupotiempodigital.com.ar\/index.php?rest_route=%2Fwp%2Fv2%2Fcategories&post=31351"},{"taxonomy":"post_tag","embeddable":true,"href":"https:\/\/grupotiempodigital.com.ar\/index.php?rest_route=%2Fwp%2Fv2%2Ftags&post=31351"}],"curies":[{"name":"wp","href":"https:\/\/api.w.org\/{rel}","templated":true}]}}