{"id":31346,"date":"2021-04-27T14:40:40","date_gmt":"2021-04-27T17:40:40","guid":{"rendered":"https:\/\/grupotiempodigital.com.ar\/?p=31346"},"modified":"2021-04-27T14:41:12","modified_gmt":"2021-04-27T17:41:12","slug":"chascomus-el-vacunatorio-se-trasladara-al-sum-del-club-deportivo","status":"publish","type":"post","link":"https:\/\/grupotiempodigital.com.ar\/?p=31346","title":{"rendered":"Chascom\u00fas: COVID-19 &#8211; El vacunatorio se trasladar\u00e1 al SUM del Club Deportivo"},"content":{"rendered":"<p>En la ma\u00f1ana de este martes 27 de abril se pudo confirmar que la posta de vacunaci\u00f3n se trasladar\u00e1 de la sede de Bomberos y se instalar\u00e1 en el SUM del Club Deportivo Chascom\u00fas.<\/p>\n<p>La informaci\u00f3n lleg\u00f3 de parte de autoridades provinciales y del Club, las cuales est\u00e1n haciendo los \u00faltimos retoques para que est\u00e9 en condiciones de recibir el flujo de personas a vacunar.<\/p>\n<p>Si bien no hubo especificaciones sobre la raz\u00f3n del traslado, algunas de ellas apuntar\u00edan a la comodidad en el acceso al lugar y el acercamiento de los fr\u00edos m\u00e1s intensos en la regi\u00f3n, para lo cual el nuevo punto es m\u00e1s acogedor.<\/p>\n<p style=\"text-align: right;\">(Chascom\u00fas Ciudad y su regi\u00f3n)<\/p>\n","protected":false},"excerpt":{"rendered":"<p>En la ma\u00f1ana de este martes 27 de abril se pudo confirmar que la posta de vacunaci\u00f3n se trasladar\u00e1 de<\/p>\n","protected":false},"author":3,"featured_media":31348,"comment_status":"open","ping_status":"open","sticky":false,"template":"","format":"standard","meta":{"colormag_page_container_layout":"default_layout","colormag_page_sidebar_layout":"default_layout","footnotes":""},"categories":[1],"tags":[],"class_list":["post-31346","post","type-post","status-publish","format-standard","has-post-thumbnail","hentry","category-actualidad"],"_links":{"self":[{"href":"https:\/\/grupotiempodigital.com.ar\/index.php?rest_route=\/wp\/v2\/posts\/31346","targetHints":{"allow":["GET"]}}],"collection":[{"href":"https:\/\/grupotiempodigital.com.ar\/index.php?rest_route=\/wp\/v2\/posts"}],"about":[{"href":"https:\/\/grupotiempodigital.com.ar\/index.php?rest_route=\/wp\/v2\/types\/post"}],"author":[{"embeddable":true,"href":"https:\/\/grupotiempodigital.com.ar\/index.php?rest_route=\/wp\/v2\/users\/3"}],"replies":[{"embeddable":true,"href":"https:\/\/grupotiempodigital.com.ar\/index.php?rest_route=%2Fwp%2Fv2%2Fcomments&post=31346"}],"version-history":[{"count":3,"href":"https:\/\/grupotiempodigital.com.ar\/index.php?rest_route=\/wp\/v2\/posts\/31346\/revisions"}],"predecessor-version":[{"id":31350,"href":"https:\/\/grupotiempodigital.com.ar\/index.php?rest_route=\/wp\/v2\/posts\/31346\/revisions\/31350"}],"wp:featuredmedia":[{"embeddable":true,"href":"https:\/\/grupotiempodigital.com.ar\/index.php?rest_route=\/wp\/v2\/media\/31348"}],"wp:attachment":[{"href":"https:\/\/grupotiempodigital.com.ar\/index.php?rest_route=%2Fwp%2Fv2%2Fmedia&parent=31346"}],"wp:term":[{"taxonomy":"category","embeddable":true,"href":"https:\/\/grupotiempodigital.com.ar\/index.php?rest_route=%2Fwp%2Fv2%2Fcategories&post=31346"},{"taxonomy":"post_tag","embeddable":true,"href":"https:\/\/grupotiempodigital.com.ar\/index.php?rest_route=%2Fwp%2Fv2%2Ftags&post=31346"}],"curies":[{"name":"wp","href":"https:\/\/api.w.org\/{rel}","templated":true}]}}