{"id":31301,"date":"2021-04-27T12:14:37","date_gmt":"2021-04-27T15:14:37","guid":{"rendered":"https:\/\/grupotiempodigital.com.ar\/?p=31301"},"modified":"2021-04-27T12:23:33","modified_gmt":"2021-04-27T15:23:33","slug":"ranchos-nueva-iluminacion-en-avenida-espana","status":"publish","type":"post","link":"https:\/\/grupotiempodigital.com.ar\/?p=31301","title":{"rendered":"Ranchos: NUEVA ILUMINACI\u00d3N EN AVENIDA ESPA\u00d1A"},"content":{"rendered":"<p>Desde el pasado fin de semana, la Avenida Espa\u00f1a ya cuenta con nueva iluminaci\u00f3n. Se trata del tramo comprendido entre las calles Ameghino y Julio S. Dantas, donde se estaban realizando trabajos durante las \u00faltimas semanas.<\/p>\n<p>En el marco del plan de mejoramiento urbano, se reemplazaron las l\u00e1mparas de vapor de sodio por artefactos de tecnolog\u00eda LED de \u00faltima generaci\u00f3n, a la vez que se instalaron nuevas columnas, confeccionadas en el distrito y colocadas por personal municipal.<\/p>\n<p><a href=\"https:\/\/grupotiempodigital.com.ar\/?attachment_id=31309\" rel=\"attachment wp-att-31309\"><img loading=\"lazy\" decoding=\"async\" class=\"alignleft size-full wp-image-31309\" src=\"https:\/\/grupotiempodigital.com.ar\/wp-content\/uploads\/2021\/04\/1.jpg\" alt=\"\" width=\"960\" height=\"719\" srcset=\"https:\/\/grupotiempodigital.com.ar\/wp-content\/uploads\/2021\/04\/1.jpg 960w, https:\/\/grupotiempodigital.com.ar\/wp-content\/uploads\/2021\/04\/1-300x225.jpg 300w, https:\/\/grupotiempodigital.com.ar\/wp-content\/uploads\/2021\/04\/1-768x575.jpg 768w, https:\/\/grupotiempodigital.com.ar\/wp-content\/uploads\/2021\/04\/1-160x120.jpg 160w\" sizes=\"auto, (max-width: 960px) 100vw, 960px\" \/><\/a><a href=\"https:\/\/grupotiempodigital.com.ar\/?attachment_id=31310\" rel=\"attachment wp-att-31310\"><img loading=\"lazy\" decoding=\"async\" class=\"alignleft size-full wp-image-31310\" src=\"https:\/\/grupotiempodigital.com.ar\/wp-content\/uploads\/2021\/04\/2.jpg\" alt=\"\" width=\"960\" height=\"640\" srcset=\"https:\/\/grupotiempodigital.com.ar\/wp-content\/uploads\/2021\/04\/2.jpg 960w, https:\/\/grupotiempodigital.com.ar\/wp-content\/uploads\/2021\/04\/2-300x200.jpg 300w, https:\/\/grupotiempodigital.com.ar\/wp-content\/uploads\/2021\/04\/2-768x512.jpg 768w\" sizes=\"auto, (max-width: 960px) 100vw, 960px\" \/><\/a><\/p>\n<p>&nbsp;<\/p>\n<p>&nbsp;<\/p>\n<p>&nbsp;<\/p>\n","protected":false},"excerpt":{"rendered":"<p>Desde el pasado fin de semana, la Avenida Espa\u00f1a ya cuenta con nueva iluminaci\u00f3n. Se trata del tramo comprendido entre<\/p>\n","protected":false},"author":3,"featured_media":0,"comment_status":"open","ping_status":"open","sticky":false,"template":"","format":"standard","meta":{"colormag_page_container_layout":"default_layout","colormag_page_sidebar_layout":"default_layout","footnotes":""},"categories":[1],"tags":[],"class_list":["post-31301","post","type-post","status-publish","format-standard","hentry","category-actualidad"],"_links":{"self":[{"href":"https:\/\/grupotiempodigital.com.ar\/index.php?rest_route=\/wp\/v2\/posts\/31301","targetHints":{"allow":["GET"]}}],"collection":[{"href":"https:\/\/grupotiempodigital.com.ar\/index.php?rest_route=\/wp\/v2\/posts"}],"about":[{"href":"https:\/\/grupotiempodigital.com.ar\/index.php?rest_route=\/wp\/v2\/types\/post"}],"author":[{"embeddable":true,"href":"https:\/\/grupotiempodigital.com.ar\/index.php?rest_route=\/wp\/v2\/users\/3"}],"replies":[{"embeddable":true,"href":"https:\/\/grupotiempodigital.com.ar\/index.php?rest_route=%2Fwp%2Fv2%2Fcomments&post=31301"}],"version-history":[{"count":4,"href":"https:\/\/grupotiempodigital.com.ar\/index.php?rest_route=\/wp\/v2\/posts\/31301\/revisions"}],"predecessor-version":[{"id":31311,"href":"https:\/\/grupotiempodigital.com.ar\/index.php?rest_route=\/wp\/v2\/posts\/31301\/revisions\/31311"}],"wp:attachment":[{"href":"https:\/\/grupotiempodigital.com.ar\/index.php?rest_route=%2Fwp%2Fv2%2Fmedia&parent=31301"}],"wp:term":[{"taxonomy":"category","embeddable":true,"href":"https:\/\/grupotiempodigital.com.ar\/index.php?rest_route=%2Fwp%2Fv2%2Fcategories&post=31301"},{"taxonomy":"post_tag","embeddable":true,"href":"https:\/\/grupotiempodigital.com.ar\/index.php?rest_route=%2Fwp%2Fv2%2Ftags&post=31301"}],"curies":[{"name":"wp","href":"https:\/\/api.w.org\/{rel}","templated":true}]}}