{"id":31290,"date":"2021-04-27T08:13:38","date_gmt":"2021-04-27T11:13:38","guid":{"rendered":"http:\/\/grupotiempodigital.com.ar\/?p=31290"},"modified":"2021-04-27T08:13:38","modified_gmt":"2021-04-27T11:13:38","slug":"ranchos-hoy-cumple-75-anos-la-casa-del-nino-virgencita-del-pilar","status":"publish","type":"post","link":"https:\/\/grupotiempodigital.com.ar\/?p=31290","title":{"rendered":"Ranchos: Hoy cumple 75 a\u00f1os la Casa del Ni\u00f1o \u00abVirgencita del Pilar\u00bb"},"content":{"rendered":"<div dir=\"auto\"><em><strong>Hoy esta cumpliendo 75 a\u00f1os de vida la Casa del Ni\u00f1o \u00abVirgencita del Pilar\u00bb.<\/strong><\/em><\/div>\n<div dir=\"auto\"><em><strong>Ser\u00e1 un cumplea\u00f1os distinto celebr\u00e1ndolo con abrazos a la distancia pero siempre con el mismo amor.<\/strong><\/em><\/div>\n<div dir=\"auto\"><em><strong>A sus directivos y personal agradecerles todo lo que hacen diariamente y desearles lo mejor.<\/strong><\/em><\/div>\n<div dir=\"auto\" style=\"text-align: center;\"><em><strong>FELIZ CUMPLE CASA DEL NI\u00d1O!!!<\/strong><\/em><\/div>\n<div dir=\"auto\" style=\"text-align: right;\"><em><strong>Grupo Period\u00edstico TIEMPO<\/strong><\/em><\/div>\n<div dir=\"auto\"><\/div>\n","protected":false},"excerpt":{"rendered":"<p>Hoy esta cumpliendo 75 a\u00f1os de vida la Casa del Ni\u00f1o \u00abVirgencita del Pilar\u00bb. Ser\u00e1 un cumplea\u00f1os distinto celebr\u00e1ndolo con<\/p>\n","protected":false},"author":3,"featured_media":31292,"comment_status":"open","ping_status":"open","sticky":false,"template":"","format":"standard","meta":{"colormag_page_container_layout":"default_layout","colormag_page_sidebar_layout":"default_layout","footnotes":""},"categories":[1],"tags":[],"class_list":["post-31290","post","type-post","status-publish","format-standard","has-post-thumbnail","hentry","category-actualidad"],"_links":{"self":[{"href":"https:\/\/grupotiempodigital.com.ar\/index.php?rest_route=\/wp\/v2\/posts\/31290","targetHints":{"allow":["GET"]}}],"collection":[{"href":"https:\/\/grupotiempodigital.com.ar\/index.php?rest_route=\/wp\/v2\/posts"}],"about":[{"href":"https:\/\/grupotiempodigital.com.ar\/index.php?rest_route=\/wp\/v2\/types\/post"}],"author":[{"embeddable":true,"href":"https:\/\/grupotiempodigital.com.ar\/index.php?rest_route=\/wp\/v2\/users\/3"}],"replies":[{"embeddable":true,"href":"https:\/\/grupotiempodigital.com.ar\/index.php?rest_route=%2Fwp%2Fv2%2Fcomments&post=31290"}],"version-history":[{"count":2,"href":"https:\/\/grupotiempodigital.com.ar\/index.php?rest_route=\/wp\/v2\/posts\/31290\/revisions"}],"predecessor-version":[{"id":31293,"href":"https:\/\/grupotiempodigital.com.ar\/index.php?rest_route=\/wp\/v2\/posts\/31290\/revisions\/31293"}],"wp:featuredmedia":[{"embeddable":true,"href":"https:\/\/grupotiempodigital.com.ar\/index.php?rest_route=\/wp\/v2\/media\/31292"}],"wp:attachment":[{"href":"https:\/\/grupotiempodigital.com.ar\/index.php?rest_route=%2Fwp%2Fv2%2Fmedia&parent=31290"}],"wp:term":[{"taxonomy":"category","embeddable":true,"href":"https:\/\/grupotiempodigital.com.ar\/index.php?rest_route=%2Fwp%2Fv2%2Fcategories&post=31290"},{"taxonomy":"post_tag","embeddable":true,"href":"https:\/\/grupotiempodigital.com.ar\/index.php?rest_route=%2Fwp%2Fv2%2Ftags&post=31290"}],"curies":[{"name":"wp","href":"https:\/\/api.w.org\/{rel}","templated":true}]}}