{"id":31277,"date":"2021-04-26T17:18:15","date_gmt":"2021-04-26T20:18:15","guid":{"rendered":"http:\/\/grupotiempodigital.com.ar\/?p=31277"},"modified":"2021-04-26T20:10:42","modified_gmt":"2021-04-26T23:10:42","slug":"dr-s-dos-santos-comenzo-la-vacunacion-antigripal-en-rancho","status":"publish","type":"post","link":"https:\/\/grupotiempodigital.com.ar\/?p=31277","title":{"rendered":"Dr. S. Dos Santos: comenz\u00f3 la vacunacion antigripal en Ranchos"},"content":{"rendered":"<p>Dr. Santiago Dos Santos Director de Salud de la municipalidad de General Paz dialogo con Rub\u00e9n Mart\u00ednez sobre la inscripci\u00f3n a la vacunaci\u00f3n antigripal<\/p>\n<p>\u00abEl numero cero que marc\u00f3 la planilla de ayer es muy significativo, pero lo importante es que el numero de casos en estudios sea cero pero tambi\u00e9n que los n\u00fameros positivos sobre los pacientes en estudios es negativo. Hoy el saldo es a favor por lo que habr\u00e1 un descenso en el total de casos. Tenemos 5 casos en estudio. A dos se le hicieron testeos r\u00e1pidos y a los otros 3 le hicimos PCR. Vemos que la baja de casos es constante&#8230;\u00bb expreso ante las felicitaciones recibida por la reducci\u00f3n de casos COVID<\/p>\n<p>En el d\u00eda de hoy se dio inicio a la inscripci\u00f3n a Campa\u00f1a de vacunaci\u00f3n antigripal la misma se podr\u00e1 realizar en el local de Vac\u00fanate que esta funcionando en la calle Irigoyen. Sobre esta campa\u00f1a de vacunaci\u00f3n explico \u00abLa vacuna antigripal y la de Coronavirus tienen 15 dias para aplicarla entre una y otra. Si alguien se vacuna con alguna vacuna y le llega el turno de la otra vacunaci\u00f3n le reasignamos el turno. La prioridad la tiene la vacuna contra el covid. Lo que nos han indicado desde provincia que vacunemos&#8230;\u00bb cerr\u00f3 Dos Santos y pidi\u00f3 \u00abQue la gente se anote&#8230;<br \/>\nCuando se le pregunto por la vacuna de la neumon\u00eda. El director del Hospital Campomar dijo \u00abCon la vacuna de la neumon\u00eda hay 2 vacunas la prevenar se aplica 1 vez y la Pneumonzx se aplica en 2 dosis 1 ahora y la otra en 5 a\u00f1os&#8230;\u00bb respondi\u00f3 Dos Santos.<\/p>\n<p>Llegada de Vacunas.<br \/>\nAl referirse a la llegada de vacunas para el distrito de General Paz el facultativo explico \u00abLlegaron 100 vacunas antigripal y ma\u00f1ana van a llegar mas. Para la vacuna de la gripe estacional estamos recibiendo dosis. Ahora estamos vacunando los grupos esenciales. Despu\u00e9s las embarazadas y pu\u00e9rperas y ni\u00f1os de 2 a 6 a\u00f1os. Despu\u00e9s llegara el turno de los mayores de 18 hasta 65 a\u00f1os con y por ultimo los mayores de 65. Estamos dejando para un tercer tiempo los mayores de 2 a\u00f1os hasta los 65 con factores de riesgo&#8230;\u00bb Cerro Dos Santos y agrego \u00abLa vacunaci\u00f3n se realizara en el Centro de Jubilados desde las 13 horas sin turno para las embarazadas y ni\u00f1os de 2 a 6 a\u00f1os. Para el resto habilitamos la l\u00ednea 475070 internos 119 y 120. Ah\u00ed se le dar\u00e1 un turno. Vacunaremos 100 personas por ma\u00f1ana&#8230;\u00bb<\/p>\n<p>ESCUCHAR ENTREVISTA COMPLETA<\/p>\n<audio class=\"wp-audio-shortcode\" id=\"audio-31277-1\" preload=\"none\" style=\"width: 100%;\" controls=\"controls\"><source type=\"audio\/mpeg\" src=\"http:\/\/www.grupotiempodigital.com.ar\/wp-content\/uploads\/notasgt\/26-04-2021%20-%20Dr%20Santiago%20Dos%20Santos64.mp3?_=1\" \/><a href=\"http:\/\/www.grupotiempodigital.com.ar\/wp-content\/uploads\/notasgt\/26-04-2021%20-%20Dr%20Santiago%20Dos%20Santos64.mp3\">http:\/\/www.grupotiempodigital.com.ar\/wp-content\/uploads\/notasgt\/26-04-2021%20-%20Dr%20Santiago%20Dos%20Santos64.mp3<\/a><\/audio>\n","protected":false},"excerpt":{"rendered":"<p>Dr. Santiago Dos Santos Director de Salud de la municipalidad de General Paz dialogo con Rub\u00e9n Mart\u00ednez sobre la inscripci\u00f3n<\/p>\n","protected":false},"author":3,"featured_media":24541,"comment_status":"open","ping_status":"open","sticky":false,"template":"","format":"standard","meta":{"colormag_page_container_layout":"default_layout","colormag_page_sidebar_layout":"default_layout","footnotes":""},"categories":[1,38,44,43],"tags":[],"class_list":["post-31277","post","type-post","status-publish","format-standard","has-post-thumbnail","hentry","category-actualidad","category-destacadas","category-general-paz","category-notas-con-audio"],"_links":{"self":[{"href":"https:\/\/grupotiempodigital.com.ar\/index.php?rest_route=\/wp\/v2\/posts\/31277","targetHints":{"allow":["GET"]}}],"collection":[{"href":"https:\/\/grupotiempodigital.com.ar\/index.php?rest_route=\/wp\/v2\/posts"}],"about":[{"href":"https:\/\/grupotiempodigital.com.ar\/index.php?rest_route=\/wp\/v2\/types\/post"}],"author":[{"embeddable":true,"href":"https:\/\/grupotiempodigital.com.ar\/index.php?rest_route=\/wp\/v2\/users\/3"}],"replies":[{"embeddable":true,"href":"https:\/\/grupotiempodigital.com.ar\/index.php?rest_route=%2Fwp%2Fv2%2Fcomments&post=31277"}],"version-history":[{"count":3,"href":"https:\/\/grupotiempodigital.com.ar\/index.php?rest_route=\/wp\/v2\/posts\/31277\/revisions"}],"predecessor-version":[{"id":31286,"href":"https:\/\/grupotiempodigital.com.ar\/index.php?rest_route=\/wp\/v2\/posts\/31277\/revisions\/31286"}],"wp:featuredmedia":[{"embeddable":true,"href":"https:\/\/grupotiempodigital.com.ar\/index.php?rest_route=\/wp\/v2\/media\/24541"}],"wp:attachment":[{"href":"https:\/\/grupotiempodigital.com.ar\/index.php?rest_route=%2Fwp%2Fv2%2Fmedia&parent=31277"}],"wp:term":[{"taxonomy":"category","embeddable":true,"href":"https:\/\/grupotiempodigital.com.ar\/index.php?rest_route=%2Fwp%2Fv2%2Fcategories&post=31277"},{"taxonomy":"post_tag","embeddable":true,"href":"https:\/\/grupotiempodigital.com.ar\/index.php?rest_route=%2Fwp%2Fv2%2Ftags&post=31277"}],"curies":[{"name":"wp","href":"https:\/\/api.w.org\/{rel}","templated":true}]}}