{"id":31272,"date":"2021-04-26T15:35:34","date_gmt":"2021-04-26T18:35:34","guid":{"rendered":"http:\/\/grupotiempodigital.com.ar\/?p=31272"},"modified":"2021-04-26T15:35:34","modified_gmt":"2021-04-26T18:35:34","slug":"marcelo-raffone-no-queremos-que-las-facturas-de-otono-invierno-sorprendan-a-la-gente","status":"publish","type":"post","link":"https:\/\/grupotiempodigital.com.ar\/?p=31272","title":{"rendered":"Marcelo Raffone: \u00bb No queremos que las facturas de oto\u00f1o \/ invierno sorprendan a la gente\u00bb"},"content":{"rendered":"<p>Marcelo Raffone Gerente de la Cooperativa de Electricidad de Ranchos Limitada dialogo con Rub\u00e9n Mart\u00ednez y Leandro Solferino sobre los comunicados emitidos el fin de semana por la empresa.<\/p>\n<p>\u00abCon el comunicado de consumo de oto\u00f1o invierno buscamos hacer un recordatorio porque el clima fr\u00edo tiene mayor consumo. Lo hicimos para que la gente no se lleve la sorpresa de\u00a1 aumento de la boleta. El a\u00f1o pasado tuvimos varios reclamos y realizamos m\u00e1s de 250 inspecciones por el aumento de la tarifa. El objetivo de este comunicado es explicarle a la gente que va a tener un mayor consumo&#8230;\u00bb explic\u00f3 sobre el comunicado de la cooperativa sobre el consumo de Oto\u00f1o Invierno Raffone se refiri\u00f3 al sistema de calefacci\u00f3n el\u00e9ctrico \u00abPuede ser un poco menos pero cuando mas consum\u00eds se refleja en la factura. Yo a los usuarios le doy mi ejemplo. Yo tengo un consumo de energ\u00eda el\u00e9ctrica de 3 mil pesos y en las \u00e9pocas de mas consumo gastaba 9 mil pesos&#8230;\u00bb cerr\u00f3 el Gerente de la entidad<\/p>\n<p>Cuando se refiri\u00f3 al comunicado del Cambio de tarifas Raffone explico \u00abYa hab\u00edamos sacado notas en las facturas sobre la variaci\u00f3n de valores que se iban a aplicar en este periodo. No son aumentos que aplica CERTEL sino de las c\u00e1maras y entes que le exigen al gobierno. La Cooperativa no aplica aumentos desde Enero y tratamos de estirarlo lo m\u00e1ximo posible. Pero tras el aumento de los gastos de la cooperativa tuvimos que aplicarlo para mantener los gastos&#8230;\u00bb<\/p>\n<p>Cuando fue consultado sobre la adaptaci\u00f3n que tuvo que realizar la Cooperativa en relaci\u00f3n a la pandemia el gerente de la misma contesto \u00abEn la parte el\u00e9ctrica, desde diferentes organismos se fueron realizando convenios que nos ha llevado desde el a\u00f1o pasado a tener guardia de reserva, por si se contagia parte del personal tenemos gente afuera para garantizar el servicio. Esto es una erogaci\u00f3n importante para nosotros. Pero por suerte venimos con las conexiones al d\u00eda y las obras est\u00e1n realiz\u00e1ndose en los tiempos estipulados. Tambi\u00e9n tuvimos personal trabajando desde su casa\u00bb,<\/p>\n<p>Otro de los temas tratados en Tiempo de Radio durante la nota con el Gerente de la Cooperativa de Electricidad se baso sobre la disponibilidad de sumar abonados al servicio telef\u00f3nico explic\u00f3 \u00abEn este momento estamos limitados pero ya empezamos las gestiones con un proveedor para ver como ampliamos la zona donde tenemos demanda. As\u00ed tambi\u00e9n con los proyectos de fibra, donde vamos ampliando las conexiones. Tenemos un proyecto de ampliaci\u00f3n del servicio de fibra para Loma Verde y Villanueva, el proyecto tuvo un impasse por la incertidumbre y las inversiones se hac\u00edan dif\u00edciles. Estamos en conversaciones con en ENACOM para ver como readecuamos ese proyecto&#8230;\u00bb cerr\u00f3 Raffone<\/p>\n<p>En el cierre de la entrevista Raffone se refiri\u00f3 a la compra de mas megas para poder seguir brindando un servicio acorde a la demanda de la poblaci\u00f3n. Sobre esto dijo \u00abEl fin de semana vimos un aumento en la demanda de megas. Hoy estuvimos analizando el uso del fin de semana lo que da que entre las 21 y las 1 de la madrugada estamos en el pico de oferta.<br \/>\nEl ancho de banda que contratamos tenemos un 40 por ciento de excedente pero el problema son las horas pico. Ya tenemos los contratos con 2 proveedores para aumentar los megas y cubrir los picos en ese segmento horario\u00bb.<br \/>\nLa Cooperativa en tiempos muy dif\u00edciles y la responsabilidad de gerenciarla.<\/p>\n<p>ESCUCHAR ENTREVISTA COMPLETA<\/p>\n<audio class=\"wp-audio-shortcode\" id=\"audio-31272-1\" preload=\"none\" style=\"width: 100%;\" controls=\"controls\"><source type=\"audio\/mpeg\" src=\"http:\/\/www.grupotiempodigital.com.ar\/wp-content\/uploads\/notasgt\/26-04-2021%20-%20Marcelo%20Raffone64.mp3?_=1\" \/><a href=\"http:\/\/www.grupotiempodigital.com.ar\/wp-content\/uploads\/notasgt\/26-04-2021%20-%20Marcelo%20Raffone64.mp3\">http:\/\/www.grupotiempodigital.com.ar\/wp-content\/uploads\/notasgt\/26-04-2021%20-%20Marcelo%20Raffone64.mp3<\/a><\/audio>\n","protected":false},"excerpt":{"rendered":"<p>Marcelo Raffone Gerente de la Cooperativa de Electricidad de Ranchos Limitada dialogo con Rub\u00e9n Mart\u00ednez y Leandro Solferino sobre los<\/p>\n","protected":false},"author":3,"featured_media":31274,"comment_status":"open","ping_status":"open","sticky":false,"template":"","format":"standard","meta":{"colormag_page_container_layout":"default_layout","colormag_page_sidebar_layout":"default_layout","footnotes":""},"categories":[1,38,44,43,4],"tags":[],"class_list":["post-31272","post","type-post","status-publish","format-standard","has-post-thumbnail","hentry","category-actualidad","category-destacadas","category-general-paz","category-notas-con-audio","category-sociales"],"_links":{"self":[{"href":"https:\/\/grupotiempodigital.com.ar\/index.php?rest_route=\/wp\/v2\/posts\/31272","targetHints":{"allow":["GET"]}}],"collection":[{"href":"https:\/\/grupotiempodigital.com.ar\/index.php?rest_route=\/wp\/v2\/posts"}],"about":[{"href":"https:\/\/grupotiempodigital.com.ar\/index.php?rest_route=\/wp\/v2\/types\/post"}],"author":[{"embeddable":true,"href":"https:\/\/grupotiempodigital.com.ar\/index.php?rest_route=\/wp\/v2\/users\/3"}],"replies":[{"embeddable":true,"href":"https:\/\/grupotiempodigital.com.ar\/index.php?rest_route=%2Fwp%2Fv2%2Fcomments&post=31272"}],"version-history":[{"count":2,"href":"https:\/\/grupotiempodigital.com.ar\/index.php?rest_route=\/wp\/v2\/posts\/31272\/revisions"}],"predecessor-version":[{"id":31275,"href":"https:\/\/grupotiempodigital.com.ar\/index.php?rest_route=\/wp\/v2\/posts\/31272\/revisions\/31275"}],"wp:featuredmedia":[{"embeddable":true,"href":"https:\/\/grupotiempodigital.com.ar\/index.php?rest_route=\/wp\/v2\/media\/31274"}],"wp:attachment":[{"href":"https:\/\/grupotiempodigital.com.ar\/index.php?rest_route=%2Fwp%2Fv2%2Fmedia&parent=31272"}],"wp:term":[{"taxonomy":"category","embeddable":true,"href":"https:\/\/grupotiempodigital.com.ar\/index.php?rest_route=%2Fwp%2Fv2%2Fcategories&post=31272"},{"taxonomy":"post_tag","embeddable":true,"href":"https:\/\/grupotiempodigital.com.ar\/index.php?rest_route=%2Fwp%2Fv2%2Ftags&post=31272"}],"curies":[{"name":"wp","href":"https:\/\/api.w.org\/{rel}","templated":true}]}}