{"id":31262,"date":"2021-04-24T20:17:57","date_gmt":"2021-04-24T23:17:57","guid":{"rendered":"http:\/\/grupotiempodigital.com.ar\/?p=31262"},"modified":"2021-04-25T20:32:44","modified_gmt":"2021-04-25T23:32:44","slug":"comunicado-de-la-cooperativa-de-electricidad-3","status":"publish","type":"post","link":"https:\/\/grupotiempodigital.com.ar\/?p=31262","title":{"rendered":"Comunicado de la Cooperativa de electricidad"},"content":{"rendered":"<h3 style=\"text-align: center;\"><strong>AJUSTE DE TARIFAS EN SERVICIOS DE CERTEL.<\/strong><\/h3>\n<p style=\"text-align: left;\">Por la presente, recordamos que tal lo informado en facturas de servicios de<br \/>\nTelefon\u00eda e Internet correspondientes a los meses de marzo y abril, en la pr\u00f3xima<br \/>\nfacturaci\u00f3n, que se encuentra en distribuci\u00f3n, se observar\u00e1n ajustes en las tarifas de los<br \/>\nservicios de Telefon\u00eda e Internet.<br \/>\nLos mencionados ajustes est\u00e1n indicados por resoluciones del ENACOM N\u00b0<br \/>\n1466\/20, 28\/21 y 204\/21 que establecen un incremento acumulado para dichos<br \/>\nservicios de 20,21% en Internet y de 17,97% en Telefon\u00eda, motivo por el cual observar\u00e1n<br \/>\nlas modificaciones respectivas. En nuestra pagina Web www.cer-ranchos.com.ar podr\u00e1n<br \/>\ntambi\u00e9n consultar los nuevos montos de cada servicio para su mejor control.<br \/>\nAsimismo, aprovechamos para poner en su conocimiento que no se aplicaron los<br \/>\naumentos en enero, febrero y marzo, tal lo especificado en dichas resoluciones para<br \/>\nacompa\u00f1ar la econom\u00eda de los usuarios, pero los crecientes incrementos de nuestros<br \/>\ncostos, que acumulan en promedio un 55%, nos obligan a aplicar los ajustes respectivos<br \/>\ndispuestos por el Gobierno Nacional en el presente periodo.<br \/>\nSi bien dichos incrementos no compensan nuestros constantes aumentos de<br \/>\ncostos, continuamos en nuestro compromiso de brindar a todos nuestros usuarios,<br \/>\nservicios acordes a los cuadros tarifarios con la atenci\u00f3n r\u00e1pida y personalizada que nos<br \/>\ncaracteriza.<br \/>\nAgradecemos su comprensi\u00f3n y quedamos a su disposici\u00f3n por cualquier duda o<br \/>\naclaraciones complementarias<\/p>\n<h3 style=\"text-align: center;\">CONSUMOS OTO\u00d1O &#8211; INVIERNO.<\/h3>\n<p style=\"text-align: left;\">Estimados Socios y Usuarios;<br \/>\nLa Cooperativa les recuerda que, con la llegada del clima fr\u00edo, llegan aparejados mayores<br \/>\nconsumos de muchos de los artefactos el\u00e9ctricos que tenemos en nuestros hogares, motivo por<br \/>\nel cual debemos estar atentos a ello y las horas de consumo que utilizamos cada uno.<br \/>\nArtefactos El\u00e9ctricos que aportan mayor consumo en \u00e9pocas fr\u00edas:<br \/>\n&#8211; Termotanques El\u00e9ctricos: mayor tiempo de uso<br \/>\n&#8211; Caloventores, Radiadores de aceite, Paneles t\u00e9rmicos y Aires Fr\u00edo\/Calor: tienen un<br \/>\nconsumo elevado.<br \/>\n&#8211; Planchas \/ Secadores de cabello: se usan m\u00e1s en \u00e9poca de clima fr\u00edo.<br \/>\n&#8211; Cocinas y Hornos El\u00e9ctricos: contribuyen a un mayor consumo.<br \/>\nTambi\u00e9n es importante recordar que, al acortarse las horas de luz natural, se incrementa el<br \/>\nuso de iluminaci\u00f3n el\u00e9ctrica lo que tambi\u00e9n contribuye a un mayor consumo general.<br \/>\nOtro elemento que contribuye a tener mayores consumos, son las instalaciones el\u00e9ctricas que<br \/>\nno est\u00e1n bien adaptadas a las normativas vigentes, sin que el usuario pueda relacionarlo a<br \/>\nconsumos de artefactos pero que estar\u00e1 visible en su factura de consumos.<br \/>\nPor \u00faltimo, les recordamos que tambi\u00e9n pueden recurrir al organismo de control OCEBA en<br \/>\ncaso de no obtener de la Cooperativa las respuestas que los usuarios consideren no<br \/>\nsatisfactorias o para remitir cualquier duda vinculada al servicio el\u00e9ctrico.<br \/>\nComo siempre, la Cooperativa est\u00e1 a su disposici\u00f3n para asesorarlos o esclarecer sus dudas en<br \/>\ncaso de consumos elevados y poder realizar juntos el an\u00e1lisis respectivo.<\/p>\n<h3 style=\"text-align: center;\">COOPERATIVA DE ELECTRICIDAD <strong>DE<\/strong> RANCHOS LTDA.<\/h3>\n","protected":false},"excerpt":{"rendered":"<p>AJUSTE DE TARIFAS EN SERVICIOS DE CERTEL. Por la presente, recordamos que tal lo informado en facturas de servicios de<\/p>\n","protected":false},"author":3,"featured_media":19333,"comment_status":"open","ping_status":"open","sticky":false,"template":"","format":"standard","meta":{"colormag_page_container_layout":"default_layout","colormag_page_sidebar_layout":"default_layout","footnotes":""},"categories":[1,38,4],"tags":[],"class_list":["post-31262","post","type-post","status-publish","format-standard","has-post-thumbnail","hentry","category-actualidad","category-destacadas","category-sociales"],"_links":{"self":[{"href":"https:\/\/grupotiempodigital.com.ar\/index.php?rest_route=\/wp\/v2\/posts\/31262","targetHints":{"allow":["GET"]}}],"collection":[{"href":"https:\/\/grupotiempodigital.com.ar\/index.php?rest_route=\/wp\/v2\/posts"}],"about":[{"href":"https:\/\/grupotiempodigital.com.ar\/index.php?rest_route=\/wp\/v2\/types\/post"}],"author":[{"embeddable":true,"href":"https:\/\/grupotiempodigital.com.ar\/index.php?rest_route=\/wp\/v2\/users\/3"}],"replies":[{"embeddable":true,"href":"https:\/\/grupotiempodigital.com.ar\/index.php?rest_route=%2Fwp%2Fv2%2Fcomments&post=31262"}],"version-history":[{"count":3,"href":"https:\/\/grupotiempodigital.com.ar\/index.php?rest_route=\/wp\/v2\/posts\/31262\/revisions"}],"predecessor-version":[{"id":31265,"href":"https:\/\/grupotiempodigital.com.ar\/index.php?rest_route=\/wp\/v2\/posts\/31262\/revisions\/31265"}],"wp:featuredmedia":[{"embeddable":true,"href":"https:\/\/grupotiempodigital.com.ar\/index.php?rest_route=\/wp\/v2\/media\/19333"}],"wp:attachment":[{"href":"https:\/\/grupotiempodigital.com.ar\/index.php?rest_route=%2Fwp%2Fv2%2Fmedia&parent=31262"}],"wp:term":[{"taxonomy":"category","embeddable":true,"href":"https:\/\/grupotiempodigital.com.ar\/index.php?rest_route=%2Fwp%2Fv2%2Fcategories&post=31262"},{"taxonomy":"post_tag","embeddable":true,"href":"https:\/\/grupotiempodigital.com.ar\/index.php?rest_route=%2Fwp%2Fv2%2Ftags&post=31262"}],"curies":[{"name":"wp","href":"https:\/\/api.w.org\/{rel}","templated":true}]}}