{"id":31242,"date":"2021-04-23T10:32:21","date_gmt":"2021-04-23T13:32:21","guid":{"rendered":"http:\/\/grupotiempodigital.com.ar\/?p=31242"},"modified":"2021-04-23T10:32:21","modified_gmt":"2021-04-23T13:32:21","slug":"editorial-las-dos-fabricas-que-producen-a-pleno","status":"publish","type":"post","link":"https:\/\/grupotiempodigital.com.ar\/?p=31242","title":{"rendered":"Editorial: LAS DOS F\u00c1BRICAS QUE PRODUCEN A PLENO"},"content":{"rendered":"<p style=\"text-align: right;\"><strong>p\/ H\u00e9ctor Ricardo Olivera &#8211; Docente<\/strong><\/p>\n<p>Los gobiernos democr\u00e1ticos acceden a su legitimidad por una doble v\u00eda.<br \/>\nUna es la de origen y la otra es la de ejercicio.<br \/>\nEn nuestro caso actual la primera est\u00e1 plenamente cumplida por el resultado de las elecciones que eligieron a los Fern\u00e1ndez, ella y \u00e9l, por orden jer\u00e1rquico.<br \/>\nLa otra, la de ejercicio, se consolida o de-bilita de acuerdo a lo que se haga desde el Poder.<br \/>\nEl debilitamiento evidente de \u00e9sta es lamentable y preocupante.<br \/>\nSemana a semana. D\u00eda a d\u00eda, hora a hora, minuto a minuto el Presidente se muestra camino de una triste decadencia.<br \/>\nHay que admitir que la pandemia ayuda poco pero tambi\u00e9n hay que decir que la forma de encararla es exactamente la contraria a la que deber\u00eda.<br \/>\nNo se la puede negar y mucho menos usarla como alimento de campa\u00f1as de sentido opositor.<br \/>\nPero a todas luces se advierte la impericia y la carencia de sentido com\u00fan para pro-curar caminos de solidaridad y acom-pa\u00f1amiento.<br \/>\nEl decreto de necesidad y urgencia, (DNU) que desat\u00f3 los episodios actuales es un compendio de ineptitud y extrav\u00edo.<br \/>\nEl mismo d\u00eda de su firma primero la Ministra de Salud y por la tarde el Ministro de Educaci\u00f3n garantizaron la continuidad de la actividad escolar.<br \/>\nA la nochecita el Presidente los pas\u00f3 por arriba y dispuso el cierre de las escuelas.<br \/>\nQue ambos funcionarios sigan en sus cargos son una demostraci\u00f3n cabal de la mediocridad general de un Gobierno de amigos, allegados y enemigos que se mantiene porque les importa m\u00e1s los puestos que los principios.<br \/>\nEn el caso de Nicol\u00e1s Trotta, el de Educaci\u00f3n, hay que consignar que previo a su anuncio se reuni\u00f3 con \u00e9l el Concejo Federal de educaci\u00f3n que re\u00fane a los 24 Ministros de todas las jurisdicciones y todos acordaron la continuidad de las clases.<br \/>\nEntre ellos estaba la an\u00f3nima Agustina Vila, que es la Directora General de Cultura y Educaci\u00f3n de la Provincia de Buenos Aires, con lo que resulta absurda la arenga violenta del Gobernador Kicillof al otro\u00a0d\u00eda.<br \/>\nLa Vila, como todos, sigue lo m\u00e1s pancha en su cargo como si nada hubiera pasado.<br \/>\nEl mensaje del Presidente anunciando las medidas fue realmente lamentable.<br \/>\nPor un ratito se crey\u00f3 portador de una autoridad que en verdad no le pertenece y enojado seguramente con \u00e9l mismo eligi\u00f3 cargar las culpas sobre todos los dem\u00e1s.<br \/>\nCayeron los m\u00e9dicos y las enfermeras, los discapacitados, los gastron\u00f3micos, los padres de los alumnos y los mismos alumnos.<br \/>\nEs triste ver a ese pobre tipo culpando a los chiquitos de que se cambian los barbijos.<br \/>\n\u201cConmigo rebeld\u00edas no,\u201d dijo con voz de sargento de caballer\u00eda seguramente para satisfacci\u00f3n de su Jefa, \u201cque lo mira por TV\u201d.<br \/>\nHay una notable incomprensi\u00f3n de la realidad que vive la gente.<br \/>\nSi se atendiera esa vivencia se sabr\u00eda lo que genera el anuncio del patrullaje del Ej\u00e9rcito, la Gendarmer\u00eda, la Prefectura y la Polic\u00eda de Seguridad Aeron\u00e1utica por las calles de la Capital.<br \/>\nSi las quieren usar, que las corran unas cuadras al conurbano a luchar contra la inseguridad que azota a los vecinos de esos territorios.<br \/>\nCon las escuelas cerradas y la actividad econ\u00f3mica limitada son dos f\u00e1bricas las beneficiadas.<br \/>\nLa f\u00e1brica de pobres y la f\u00e1brica de ignorantes.<br \/>\nAunque suene destemplado hay que decirlo.<br \/>\nEse plan alimenta el est\u00f3mago del populismo ac\u00e1 y en todas partes que sea.<br \/>\nTambi\u00e9n alimenta, y bienvenido sea, el sentimiento de rebeli\u00f3n pac\u00edfica y firme de la ciudadan\u00eda cansada ya de tanta incoherencia e ineptitud<br \/>\nSuena obvio, pero hay que avisarle al Gobierno que lo que derrota a la pandemia son las vacunas y que es su responsabilidad proveerlas<br \/>\nTambi\u00e9n nosotros podemos aplicar las dos dosis.<br \/>\nLa primera en las elecciones primarias de agosto y la segunda en las de octubre<br \/>\nLa efectividad es del 100 %.<\/p>\n<p style=\"text-align: right;\"><strong>(17 de abril de 2021)<\/strong><\/p>\n<p>&nbsp;<\/p>\n<p><em><strong>(Editorial publicada en la edici\u00f3n de TIEMPO de Ranchos del viernes 23 de abril de 2021)<\/strong><\/em><\/p>\n","protected":false},"excerpt":{"rendered":"<p>p\/ H\u00e9ctor Ricardo Olivera &#8211; Docente Los gobiernos democr\u00e1ticos acceden a su legitimidad por una doble v\u00eda. Una es la<\/p>\n","protected":false},"author":3,"featured_media":20315,"comment_status":"open","ping_status":"open","sticky":false,"template":"","format":"standard","meta":{"colormag_page_container_layout":"default_layout","colormag_page_sidebar_layout":"default_layout","footnotes":""},"categories":[1],"tags":[],"class_list":["post-31242","post","type-post","status-publish","format-standard","has-post-thumbnail","hentry","category-actualidad"],"_links":{"self":[{"href":"https:\/\/grupotiempodigital.com.ar\/index.php?rest_route=\/wp\/v2\/posts\/31242","targetHints":{"allow":["GET"]}}],"collection":[{"href":"https:\/\/grupotiempodigital.com.ar\/index.php?rest_route=\/wp\/v2\/posts"}],"about":[{"href":"https:\/\/grupotiempodigital.com.ar\/index.php?rest_route=\/wp\/v2\/types\/post"}],"author":[{"embeddable":true,"href":"https:\/\/grupotiempodigital.com.ar\/index.php?rest_route=\/wp\/v2\/users\/3"}],"replies":[{"embeddable":true,"href":"https:\/\/grupotiempodigital.com.ar\/index.php?rest_route=%2Fwp%2Fv2%2Fcomments&post=31242"}],"version-history":[{"count":2,"href":"https:\/\/grupotiempodigital.com.ar\/index.php?rest_route=\/wp\/v2\/posts\/31242\/revisions"}],"predecessor-version":[{"id":31245,"href":"https:\/\/grupotiempodigital.com.ar\/index.php?rest_route=\/wp\/v2\/posts\/31242\/revisions\/31245"}],"wp:featuredmedia":[{"embeddable":true,"href":"https:\/\/grupotiempodigital.com.ar\/index.php?rest_route=\/wp\/v2\/media\/20315"}],"wp:attachment":[{"href":"https:\/\/grupotiempodigital.com.ar\/index.php?rest_route=%2Fwp%2Fv2%2Fmedia&parent=31242"}],"wp:term":[{"taxonomy":"category","embeddable":true,"href":"https:\/\/grupotiempodigital.com.ar\/index.php?rest_route=%2Fwp%2Fv2%2Fcategories&post=31242"},{"taxonomy":"post_tag","embeddable":true,"href":"https:\/\/grupotiempodigital.com.ar\/index.php?rest_route=%2Fwp%2Fv2%2Ftags&post=31242"}],"curies":[{"name":"wp","href":"https:\/\/api.w.org\/{rel}","templated":true}]}}