{"id":31224,"date":"2021-04-23T10:03:59","date_gmt":"2021-04-23T13:03:59","guid":{"rendered":"http:\/\/grupotiempodigital.com.ar\/?p=31224"},"modified":"2021-04-23T10:03:59","modified_gmt":"2021-04-23T13:03:59","slug":"reacondicionamiento-de-plazas","status":"publish","type":"post","link":"https:\/\/grupotiempodigital.com.ar\/?p=31224","title":{"rendered":"REACONDICIONAMIENTO DE PLAZAS"},"content":{"rendered":"<p>En las \u00faltimas semanas, se inici\u00f3 un proceso de refacci\u00f3n y reacondicionamiento de plazas y espacios verdes p\u00fablicos en Ranchos, con el objetivo de que la comunidad pueda disfrutar de esos sitios para su esparcimiento, en la medida de que la pandemia lo permita.<\/p>\n<p>De este modo, ya finalizaron los trabajos en las plazas Ni\u00f1os de Bel\u00e9n, de Escritores y la del Barrio La Pilarica, mientras que en los pr\u00f3ximos d\u00edas continuar\u00e1n las tareas del personal municipal en las plazas de la Laguna de Ranchos y Alconada<\/p>\n<div id='gallery-1' class='gallery galleryid-31224 gallery-columns-3 gallery-size-colormag-featured-image'><figure class='gallery-item'>\n\t\t\t<div class='gallery-icon landscape'>\n\t\t\t\t<a href='https:\/\/grupotiempodigital.com.ar\/?attachment_id=31226'><img loading=\"lazy\" decoding=\"async\" width=\"668\" height=\"445\" src=\"https:\/\/grupotiempodigital.com.ar\/wp-content\/uploads\/2021\/04\/WhatsApp-Image-2021-04-23-at-09.38.06.jpeg\" class=\"attachment-colormag-featured-image size-colormag-featured-image\" alt=\"\" srcset=\"https:\/\/grupotiempodigital.com.ar\/wp-content\/uploads\/2021\/04\/WhatsApp-Image-2021-04-23-at-09.38.06.jpeg 1280w, https:\/\/grupotiempodigital.com.ar\/wp-content\/uploads\/2021\/04\/WhatsApp-Image-2021-04-23-at-09.38.06-300x200.jpeg 300w, https:\/\/grupotiempodigital.com.ar\/wp-content\/uploads\/2021\/04\/WhatsApp-Image-2021-04-23-at-09.38.06-1024x682.jpeg 1024w, https:\/\/grupotiempodigital.com.ar\/wp-content\/uploads\/2021\/04\/WhatsApp-Image-2021-04-23-at-09.38.06-768x512.jpeg 768w\" sizes=\"auto, (max-width: 668px) 100vw, 668px\" \/><\/a>\n\t\t\t<\/div><\/figure><figure class='gallery-item'>\n\t\t\t<div class='gallery-icon landscape'>\n\t\t\t\t<a href='https:\/\/grupotiempodigital.com.ar\/?attachment_id=31227'><img loading=\"lazy\" decoding=\"async\" width=\"668\" height=\"445\" src=\"https:\/\/grupotiempodigital.com.ar\/wp-content\/uploads\/2021\/04\/WhatsApp-Image-2021-04-23-at-09.38.07.jpeg\" class=\"attachment-colormag-featured-image size-colormag-featured-image\" alt=\"\" srcset=\"https:\/\/grupotiempodigital.com.ar\/wp-content\/uploads\/2021\/04\/WhatsApp-Image-2021-04-23-at-09.38.07.jpeg 1280w, https:\/\/grupotiempodigital.com.ar\/wp-content\/uploads\/2021\/04\/WhatsApp-Image-2021-04-23-at-09.38.07-300x200.jpeg 300w, https:\/\/grupotiempodigital.com.ar\/wp-content\/uploads\/2021\/04\/WhatsApp-Image-2021-04-23-at-09.38.07-1024x682.jpeg 1024w, https:\/\/grupotiempodigital.com.ar\/wp-content\/uploads\/2021\/04\/WhatsApp-Image-2021-04-23-at-09.38.07-768x512.jpeg 768w\" sizes=\"auto, (max-width: 668px) 100vw, 668px\" \/><\/a>\n\t\t\t<\/div><\/figure><figure class='gallery-item'>\n\t\t\t<div class='gallery-icon landscape'>\n\t\t\t\t<a href='https:\/\/grupotiempodigital.com.ar\/?attachment_id=31228'><img loading=\"lazy\" decoding=\"async\" width=\"668\" height=\"445\" src=\"https:\/\/grupotiempodigital.com.ar\/wp-content\/uploads\/2021\/04\/WhatsApp-Image-2021-04-23-at-09.38.19.jpeg\" class=\"attachment-colormag-featured-image size-colormag-featured-image\" alt=\"\" srcset=\"https:\/\/grupotiempodigital.com.ar\/wp-content\/uploads\/2021\/04\/WhatsApp-Image-2021-04-23-at-09.38.19.jpeg 1280w, https:\/\/grupotiempodigital.com.ar\/wp-content\/uploads\/2021\/04\/WhatsApp-Image-2021-04-23-at-09.38.19-300x200.jpeg 300w, https:\/\/grupotiempodigital.com.ar\/wp-content\/uploads\/2021\/04\/WhatsApp-Image-2021-04-23-at-09.38.19-1024x682.jpeg 1024w, https:\/\/grupotiempodigital.com.ar\/wp-content\/uploads\/2021\/04\/WhatsApp-Image-2021-04-23-at-09.38.19-768x512.jpeg 768w\" sizes=\"auto, (max-width: 668px) 100vw, 668px\" \/><\/a>\n\t\t\t<\/div><\/figure><figure class='gallery-item'>\n\t\t\t<div class='gallery-icon landscape'>\n\t\t\t\t<a href='https:\/\/grupotiempodigital.com.ar\/?attachment_id=31229'><img loading=\"lazy\" decoding=\"async\" width=\"668\" height=\"445\" src=\"https:\/\/grupotiempodigital.com.ar\/wp-content\/uploads\/2021\/04\/WhatsApp-Image-2021-04-23-at-09.38.20-1.jpeg\" class=\"attachment-colormag-featured-image size-colormag-featured-image\" alt=\"\" srcset=\"https:\/\/grupotiempodigital.com.ar\/wp-content\/uploads\/2021\/04\/WhatsApp-Image-2021-04-23-at-09.38.20-1.jpeg 1280w, https:\/\/grupotiempodigital.com.ar\/wp-content\/uploads\/2021\/04\/WhatsApp-Image-2021-04-23-at-09.38.20-1-300x200.jpeg 300w, https:\/\/grupotiempodigital.com.ar\/wp-content\/uploads\/2021\/04\/WhatsApp-Image-2021-04-23-at-09.38.20-1-1024x682.jpeg 1024w, https:\/\/grupotiempodigital.com.ar\/wp-content\/uploads\/2021\/04\/WhatsApp-Image-2021-04-23-at-09.38.20-1-768x512.jpeg 768w\" sizes=\"auto, (max-width: 668px) 100vw, 668px\" \/><\/a>\n\t\t\t<\/div><\/figure><figure class='gallery-item'>\n\t\t\t<div class='gallery-icon landscape'>\n\t\t\t\t<a href='https:\/\/grupotiempodigital.com.ar\/?attachment_id=31230'><img loading=\"lazy\" decoding=\"async\" width=\"668\" height=\"445\" src=\"https:\/\/grupotiempodigital.com.ar\/wp-content\/uploads\/2021\/04\/WhatsApp-Image-2021-04-23-at-09.38.20.jpeg\" class=\"attachment-colormag-featured-image size-colormag-featured-image\" alt=\"\" srcset=\"https:\/\/grupotiempodigital.com.ar\/wp-content\/uploads\/2021\/04\/WhatsApp-Image-2021-04-23-at-09.38.20.jpeg 1280w, https:\/\/grupotiempodigital.com.ar\/wp-content\/uploads\/2021\/04\/WhatsApp-Image-2021-04-23-at-09.38.20-300x200.jpeg 300w, https:\/\/grupotiempodigital.com.ar\/wp-content\/uploads\/2021\/04\/WhatsApp-Image-2021-04-23-at-09.38.20-1024x682.jpeg 1024w, https:\/\/grupotiempodigital.com.ar\/wp-content\/uploads\/2021\/04\/WhatsApp-Image-2021-04-23-at-09.38.20-768x512.jpeg 768w\" sizes=\"auto, (max-width: 668px) 100vw, 668px\" \/><\/a>\n\t\t\t<\/div><\/figure><figure class='gallery-item'>\n\t\t\t<div class='gallery-icon portrait'>\n\t\t\t\t<a href='https:\/\/grupotiempodigital.com.ar\/?attachment_id=31231'><img loading=\"lazy\" decoding=\"async\" width=\"297\" height=\"445\" src=\"https:\/\/grupotiempodigital.com.ar\/wp-content\/uploads\/2021\/04\/WhatsApp-Image-2021-04-23-at-09.38.21.jpeg\" class=\"attachment-colormag-featured-image size-colormag-featured-image\" alt=\"\" srcset=\"https:\/\/grupotiempodigital.com.ar\/wp-content\/uploads\/2021\/04\/WhatsApp-Image-2021-04-23-at-09.38.21.jpeg 853w, https:\/\/grupotiempodigital.com.ar\/wp-content\/uploads\/2021\/04\/WhatsApp-Image-2021-04-23-at-09.38.21-200x300.jpeg 200w, https:\/\/grupotiempodigital.com.ar\/wp-content\/uploads\/2021\/04\/WhatsApp-Image-2021-04-23-at-09.38.21-682x1024.jpeg 682w, https:\/\/grupotiempodigital.com.ar\/wp-content\/uploads\/2021\/04\/WhatsApp-Image-2021-04-23-at-09.38.21-768x1152.jpeg 768w\" sizes=\"auto, (max-width: 297px) 100vw, 297px\" \/><\/a>\n\t\t\t<\/div><\/figure>\n\t\t<\/div>\n\n","protected":false},"excerpt":{"rendered":"<p>En las \u00faltimas semanas, se inici\u00f3 un proceso de refacci\u00f3n y reacondicionamiento de plazas y espacios verdes p\u00fablicos en Ranchos,<\/p>\n","protected":false},"author":3,"featured_media":31227,"comment_status":"open","ping_status":"open","sticky":false,"template":"","format":"standard","meta":{"colormag_page_container_layout":"default_layout","colormag_page_sidebar_layout":"default_layout","footnotes":""},"categories":[1,38,44],"tags":[],"class_list":["post-31224","post","type-post","status-publish","format-standard","has-post-thumbnail","hentry","category-actualidad","category-destacadas","category-general-paz"],"_links":{"self":[{"href":"https:\/\/grupotiempodigital.com.ar\/index.php?rest_route=\/wp\/v2\/posts\/31224","targetHints":{"allow":["GET"]}}],"collection":[{"href":"https:\/\/grupotiempodigital.com.ar\/index.php?rest_route=\/wp\/v2\/posts"}],"about":[{"href":"https:\/\/grupotiempodigital.com.ar\/index.php?rest_route=\/wp\/v2\/types\/post"}],"author":[{"embeddable":true,"href":"https:\/\/grupotiempodigital.com.ar\/index.php?rest_route=\/wp\/v2\/users\/3"}],"replies":[{"embeddable":true,"href":"https:\/\/grupotiempodigital.com.ar\/index.php?rest_route=%2Fwp%2Fv2%2Fcomments&post=31224"}],"version-history":[{"count":2,"href":"https:\/\/grupotiempodigital.com.ar\/index.php?rest_route=\/wp\/v2\/posts\/31224\/revisions"}],"predecessor-version":[{"id":31232,"href":"https:\/\/grupotiempodigital.com.ar\/index.php?rest_route=\/wp\/v2\/posts\/31224\/revisions\/31232"}],"wp:featuredmedia":[{"embeddable":true,"href":"https:\/\/grupotiempodigital.com.ar\/index.php?rest_route=\/wp\/v2\/media\/31227"}],"wp:attachment":[{"href":"https:\/\/grupotiempodigital.com.ar\/index.php?rest_route=%2Fwp%2Fv2%2Fmedia&parent=31224"}],"wp:term":[{"taxonomy":"category","embeddable":true,"href":"https:\/\/grupotiempodigital.com.ar\/index.php?rest_route=%2Fwp%2Fv2%2Fcategories&post=31224"},{"taxonomy":"post_tag","embeddable":true,"href":"https:\/\/grupotiempodigital.com.ar\/index.php?rest_route=%2Fwp%2Fv2%2Ftags&post=31224"}],"curies":[{"name":"wp","href":"https:\/\/api.w.org\/{rel}","templated":true}]}}