{"id":31220,"date":"2021-04-22T20:10:29","date_gmt":"2021-04-22T23:10:29","guid":{"rendered":"http:\/\/grupotiempodigital.com.ar\/?p=31220"},"modified":"2021-04-22T20:10:29","modified_gmt":"2021-04-22T23:10:29","slug":"comunicado-del-comite-de-prevencion-seguimiento-y-tratamiento-de-coronavirus-261","status":"publish","type":"post","link":"https:\/\/grupotiempodigital.com.ar\/?p=31220","title":{"rendered":"COMUNICADO DEL COMIT\u00c9 DE PREVENCI\u00d3N, SEGUIMIENTO Y TRATAMIENTO DE CORONAVIRUS"},"content":{"rendered":"<p><strong>33 (TREINTA Y TRES) RECUPERADOS, 10 (DIEZ) POSITIVOS Y 6 (SEIS) NEGATIVOS<\/strong><\/p>\n<p>&nbsp;<\/p>\n<p>El Director del Comit\u00e9 de Prevenci\u00f3n, Seguimiento y Tratamiento de Coronavirus, Dr. Santiago Dos Santos, comunica que:<\/p>\n<p>&nbsp;<\/p>\n<ul>\n<li><strong>En el d\u00eda de la fecha, se procede a dar el alta epidemiol\u00f3gica a 33 (treinta y tres) pacientes que se encontraban en aislamiento para control evolutivo.<\/strong><\/li>\n<\/ul>\n<p>&nbsp;<\/p>\n<ul>\n<li><strong>En las \u00faltimas horas, se registraron 10 (diez) nuevos casos POSITIVOS de Covid-19.<\/strong><\/li>\n<li><strong>4 (cuatro) pacientes <\/strong>por hisopado.<\/li>\n<li><strong>6 (seis) pacientes <\/strong>por criterio cl\u00ednico epidemiol\u00f3gico.<\/li>\n<\/ul>\n<p>&nbsp;<\/p>\n<ul>\n<li><strong>6 (seis) casos que se encontraban en estudio fueron descartados, arrojando resultado NEGATIVO de Covid-19.<\/strong><\/li>\n<\/ul>\n<p>&nbsp;<\/p>\n<ul>\n<li>Se registran 98 (noventa ocho)<strong> casos en control evolutivo<\/strong>.<\/li>\n<li><strong>Se encuentran 7 (siete) casos en estudio. <\/strong><\/li>\n<li><strong>361 (trescientos sesenta y un) vecinos son controlados en aislamiento<\/strong>.<\/li>\n<\/ul>\n<p>&nbsp;<\/p>\n<ul>\n<li>El comit\u00e9 insiste particularmente en el cumplimiento de:<\/li>\n<li><strong>Uso obligatorio de tapabocas.<\/strong><\/li>\n<li><strong>No compartir el mate.<\/strong><\/li>\n<li><strong>Mantener el distanciamiento social.<\/strong><\/li>\n<\/ul>\n<p><strong>\u00a0<\/strong><\/p>\n<ul>\n<li><strong>En este momento, m\u00e1s que nunca, apelamos a la conducta y responsabilidad individual y social. Ante la aparici\u00f3n de s\u00edntomas, llam\u00e1 al 475-511.<\/strong><\/li>\n<\/ul>\n<p><strong>\u00a0<\/strong><\/p>\n<ul>\n<li><strong>Para recibir la vacuna, record\u00e1 inscribirte en la plataforma <\/strong><a href=\"http:\/\/www.vacunatepba.gba.gob.ar\"><strong>vacunatepba.gba.gob.ar<\/strong><\/a><strong> y completar la Declaraci\u00f3n Jurada en el sitio web de la Municipalidad de General Paz.<\/strong><\/li>\n<\/ul>\n<p><strong>\u00a0<\/strong><\/p>\n<p><strong>\u00a0<\/strong><\/p>\n<p><strong>PREVENIR ES CUIDARNOS ENTRE TODOS.<\/strong><\/p>\n","protected":false},"excerpt":{"rendered":"<p>33 (TREINTA Y TRES) RECUPERADOS, 10 (DIEZ) POSITIVOS Y 6 (SEIS) NEGATIVOS &nbsp; El Director del Comit\u00e9 de Prevenci\u00f3n, Seguimiento<\/p>\n","protected":false},"author":3,"featured_media":31222,"comment_status":"open","ping_status":"open","sticky":false,"template":"","format":"standard","meta":{"colormag_page_container_layout":"default_layout","colormag_page_sidebar_layout":"default_layout","footnotes":""},"categories":[1,38,44],"tags":[],"class_list":["post-31220","post","type-post","status-publish","format-standard","has-post-thumbnail","hentry","category-actualidad","category-destacadas","category-general-paz"],"_links":{"self":[{"href":"https:\/\/grupotiempodigital.com.ar\/index.php?rest_route=\/wp\/v2\/posts\/31220","targetHints":{"allow":["GET"]}}],"collection":[{"href":"https:\/\/grupotiempodigital.com.ar\/index.php?rest_route=\/wp\/v2\/posts"}],"about":[{"href":"https:\/\/grupotiempodigital.com.ar\/index.php?rest_route=\/wp\/v2\/types\/post"}],"author":[{"embeddable":true,"href":"https:\/\/grupotiempodigital.com.ar\/index.php?rest_route=\/wp\/v2\/users\/3"}],"replies":[{"embeddable":true,"href":"https:\/\/grupotiempodigital.com.ar\/index.php?rest_route=%2Fwp%2Fv2%2Fcomments&post=31220"}],"version-history":[{"count":2,"href":"https:\/\/grupotiempodigital.com.ar\/index.php?rest_route=\/wp\/v2\/posts\/31220\/revisions"}],"predecessor-version":[{"id":31223,"href":"https:\/\/grupotiempodigital.com.ar\/index.php?rest_route=\/wp\/v2\/posts\/31220\/revisions\/31223"}],"wp:featuredmedia":[{"embeddable":true,"href":"https:\/\/grupotiempodigital.com.ar\/index.php?rest_route=\/wp\/v2\/media\/31222"}],"wp:attachment":[{"href":"https:\/\/grupotiempodigital.com.ar\/index.php?rest_route=%2Fwp%2Fv2%2Fmedia&parent=31220"}],"wp:term":[{"taxonomy":"category","embeddable":true,"href":"https:\/\/grupotiempodigital.com.ar\/index.php?rest_route=%2Fwp%2Fv2%2Fcategories&post=31220"},{"taxonomy":"post_tag","embeddable":true,"href":"https:\/\/grupotiempodigital.com.ar\/index.php?rest_route=%2Fwp%2Fv2%2Ftags&post=31220"}],"curies":[{"name":"wp","href":"https:\/\/api.w.org\/{rel}","templated":true}]}}