{"id":31209,"date":"2021-04-22T13:53:13","date_gmt":"2021-04-22T16:53:13","guid":{"rendered":"http:\/\/grupotiempodigital.com.ar\/?p=31209"},"modified":"2021-04-22T13:53:13","modified_gmt":"2021-04-22T16:53:13","slug":"informe-sobre-el-estado-de-situacion-de-la-campana-de-vacunacion-contra-el-covid-19-en-el-distrito-2","status":"publish","type":"post","link":"https:\/\/grupotiempodigital.com.ar\/?p=31209","title":{"rendered":"INFORME SOBRE EL ESTADO DE SITUACI\u00d3N DE LA CAMPA\u00d1A DE VACUNACI\u00d3N CONTRA EL COVID-19 EN EL DISTRITO"},"content":{"rendered":"<p>DATOS AL MI\u00c9RCOLES 21 DE ABRIL A LAS 20:00 HS.<\/p>\n<p>\u2022 A la fecha, 3495 vecinos de General Paz recibieron al menos una dosis de la vacuna. Entre ellos, 1035 personas ya completaron el esquema de inmunizaci\u00f3n tras recibir ambas aplicaciones.<\/p>\n<p>\u2022 6654 personas es el total de vecinos registrados en la plataforma provincial Vacunate PBA.<\/p>\n<p>\u2022 2193 mayores de 60 a\u00f1os ya recibieron la primera dosis, mientras que 535 ya recibieron ambas aplicaciones y completaron el proceso de inmunizaci\u00f3n.<\/p>\n<p>\u2022 Al d\u00eda de hoy, el distrito cuenta con 100 dosis de la vacuna Covishield en stock, que se aplicar\u00e1n en los pr\u00f3ximos d\u00edas.<\/p>\n<p>\u2022 Para todas las vacunas, la segunda dosis se aplica entre 3 y 12 semanas despu\u00e9s de recibir la primera.<\/p>\n<p>\uf0d8 En este momento, m\u00e1s que nunca, apelamos a la conducta y responsabilidad individual y social. Para recibir la vacuna, record\u00e1 inscribirte en la plataforma <a href=\"http:\/\/www.vacunatepba.gba.gob.ar\">www.vacunatepba.gba.gob.ar<\/a> y completar la Declaraci\u00f3n Jurada en el sitio web de la Municipalidad de General Paz.<\/p>\n","protected":false},"excerpt":{"rendered":"<p>DATOS AL MI\u00c9RCOLES 21 DE ABRIL A LAS 20:00 HS. \u2022 A la fecha, 3495 vecinos de General Paz recibieron<\/p>\n","protected":false},"author":3,"featured_media":31212,"comment_status":"open","ping_status":"open","sticky":false,"template":"","format":"standard","meta":{"colormag_page_container_layout":"default_layout","colormag_page_sidebar_layout":"default_layout","footnotes":""},"categories":[1,38,44],"tags":[],"class_list":["post-31209","post","type-post","status-publish","format-standard","has-post-thumbnail","hentry","category-actualidad","category-destacadas","category-general-paz"],"_links":{"self":[{"href":"https:\/\/grupotiempodigital.com.ar\/index.php?rest_route=\/wp\/v2\/posts\/31209","targetHints":{"allow":["GET"]}}],"collection":[{"href":"https:\/\/grupotiempodigital.com.ar\/index.php?rest_route=\/wp\/v2\/posts"}],"about":[{"href":"https:\/\/grupotiempodigital.com.ar\/index.php?rest_route=\/wp\/v2\/types\/post"}],"author":[{"embeddable":true,"href":"https:\/\/grupotiempodigital.com.ar\/index.php?rest_route=\/wp\/v2\/users\/3"}],"replies":[{"embeddable":true,"href":"https:\/\/grupotiempodigital.com.ar\/index.php?rest_route=%2Fwp%2Fv2%2Fcomments&post=31209"}],"version-history":[{"count":2,"href":"https:\/\/grupotiempodigital.com.ar\/index.php?rest_route=\/wp\/v2\/posts\/31209\/revisions"}],"predecessor-version":[{"id":31213,"href":"https:\/\/grupotiempodigital.com.ar\/index.php?rest_route=\/wp\/v2\/posts\/31209\/revisions\/31213"}],"wp:featuredmedia":[{"embeddable":true,"href":"https:\/\/grupotiempodigital.com.ar\/index.php?rest_route=\/wp\/v2\/media\/31212"}],"wp:attachment":[{"href":"https:\/\/grupotiempodigital.com.ar\/index.php?rest_route=%2Fwp%2Fv2%2Fmedia&parent=31209"}],"wp:term":[{"taxonomy":"category","embeddable":true,"href":"https:\/\/grupotiempodigital.com.ar\/index.php?rest_route=%2Fwp%2Fv2%2Fcategories&post=31209"},{"taxonomy":"post_tag","embeddable":true,"href":"https:\/\/grupotiempodigital.com.ar\/index.php?rest_route=%2Fwp%2Fv2%2Ftags&post=31209"}],"curies":[{"name":"wp","href":"https:\/\/api.w.org\/{rel}","templated":true}]}}