{"id":31197,"date":"2021-04-22T08:54:46","date_gmt":"2021-04-22T11:54:46","guid":{"rendered":"http:\/\/grupotiempodigital.com.ar\/?p=31197"},"modified":"2021-04-22T08:57:29","modified_gmt":"2021-04-22T11:57:29","slug":"ranchos-el-intendente-alvarez-brindara-una-conferencia-de-prensa","status":"publish","type":"post","link":"https:\/\/grupotiempodigital.com.ar\/?p=31197","title":{"rendered":"Ranchos: El Intendente Alvarez junto al Dr. Dos Santos brindar\u00e1n hoy una conferencia de prensa"},"content":{"rendered":"<p>El comunicado dice lo siguiente:<\/p>\n<p>\u00abEl intendente Juan Manuel Alvarez junto al Director M\u00e9dico del Hospital Campomar, Dr. Santiago Dos Santos brindar\u00e1n hoy jueves 22 de abril a las 11 horas en el Sal\u00f3n de Usos M\u00faltiples del Centro C\u00edvico una conferencia de prensa.<\/p>\n<p>El temario a desarrollar se enmarca en el an\u00e1lisis de la situaci\u00f3n epidemiol\u00f3gica actual en el distrito y el inicio de la Campa\u00f1a de Vacunaci\u00f3n Antigripal\u00bb<\/p>\n","protected":false},"excerpt":{"rendered":"<p>El comunicado dice lo siguiente: \u00abEl intendente Juan Manuel Alvarez junto al Director M\u00e9dico del Hospital Campomar, Dr. Santiago Dos<\/p>\n","protected":false},"author":3,"featured_media":0,"comment_status":"open","ping_status":"open","sticky":false,"template":"","format":"standard","meta":{"colormag_page_container_layout":"default_layout","colormag_page_sidebar_layout":"default_layout","footnotes":""},"categories":[1],"tags":[],"class_list":["post-31197","post","type-post","status-publish","format-standard","hentry","category-actualidad"],"_links":{"self":[{"href":"https:\/\/grupotiempodigital.com.ar\/index.php?rest_route=\/wp\/v2\/posts\/31197","targetHints":{"allow":["GET"]}}],"collection":[{"href":"https:\/\/grupotiempodigital.com.ar\/index.php?rest_route=\/wp\/v2\/posts"}],"about":[{"href":"https:\/\/grupotiempodigital.com.ar\/index.php?rest_route=\/wp\/v2\/types\/post"}],"author":[{"embeddable":true,"href":"https:\/\/grupotiempodigital.com.ar\/index.php?rest_route=\/wp\/v2\/users\/3"}],"replies":[{"embeddable":true,"href":"https:\/\/grupotiempodigital.com.ar\/index.php?rest_route=%2Fwp%2Fv2%2Fcomments&post=31197"}],"version-history":[{"count":7,"href":"https:\/\/grupotiempodigital.com.ar\/index.php?rest_route=\/wp\/v2\/posts\/31197\/revisions"}],"predecessor-version":[{"id":31204,"href":"https:\/\/grupotiempodigital.com.ar\/index.php?rest_route=\/wp\/v2\/posts\/31197\/revisions\/31204"}],"wp:attachment":[{"href":"https:\/\/grupotiempodigital.com.ar\/index.php?rest_route=%2Fwp%2Fv2%2Fmedia&parent=31197"}],"wp:term":[{"taxonomy":"category","embeddable":true,"href":"https:\/\/grupotiempodigital.com.ar\/index.php?rest_route=%2Fwp%2Fv2%2Fcategories&post=31197"},{"taxonomy":"post_tag","embeddable":true,"href":"https:\/\/grupotiempodigital.com.ar\/index.php?rest_route=%2Fwp%2Fv2%2Ftags&post=31197"}],"curies":[{"name":"wp","href":"https:\/\/api.w.org\/{rel}","templated":true}]}}