{"id":31186,"date":"2021-04-21T17:28:25","date_gmt":"2021-04-21T20:28:25","guid":{"rendered":"http:\/\/grupotiempodigital.com.ar\/?p=31186"},"modified":"2021-04-21T17:28:25","modified_gmt":"2021-04-21T20:28:25","slug":"c-perez-del-cerro-y-un-duro-cruce-por-el-uso-del-idioma","status":"publish","type":"post","link":"https:\/\/grupotiempodigital.com.ar\/?p=31186","title":{"rendered":"C. P\u00e9rez del Cerro y un duro cruce por el uso del idioma"},"content":{"rendered":"<p>El secretario de Gobierno de Chascom\u00fas Dr. Cipriano P\u00e9rez del Cerro fue entrevistado por Rub\u00e9n Mart\u00ednez y Leandro Solferino en las radios del Grupo Tiempo sobre diferentes cuestiones de Chascom\u00fas<\/p>\n<p>\u00bb Me tome una semana de descanso&#8230;\u00bb expreso el secretario de gobierno tras su ausencia del palacio municipal la semana pasada.<\/p>\n<p>Martinez dio la primicia al comenzar la nota al informar que Chascom\u00fas pasa a Fase 3 y P\u00e9rez del Cerro dijo \u00abTodav\u00eda no tenemos los n\u00fameros oficiales pero por los n\u00fameros de control epidemiol\u00f3gico el gobierno provincial nos va a bajar a fase 3. Creo que estamos en una situaci\u00f3n delicada, con un nivel de contagio grande. Tenemos que ajustar las medidas de prevenci\u00f3n. Tenemos que ser responsables y no aflojar porque con esas medidas nos mantenemos al margen de este virus. En materia de nivel sanitario estamos bien, el hospital no se ha visto colapsado. Tenemos que seguir mandando el mensaje de cuidarnos. No hay que relajarse. En fase 3 los horarios se reducen pero si pasamos a la fase 2 tendr\u00edamos perdidas socioecon\u00f3micas muy importantes\u00bb dijo.<\/p>\n<p>Ante la pregunta sobre si el Hospital San Vicente de Pa\u00fal esta tranquilo respondi\u00f3 \u00abEl hospital esta bien no hay saturaci\u00f3n. Se acord\u00f3 con la cl\u00ednica el uso de 6 camas adicionales para lo que ser\u00e1 un Mayo complicado&#8230;\u00bb<\/p>\n<p>Previamente se conoci\u00f3 la noticia que el intendente de Chascom\u00fas Javier Gast\u00f3n se encontraba aislado por ser un contacto de un familiar que fue hisopado dijo \u00abEL esta bien, esta aislado por un familiar directo que tiene s\u00edntomas. Est\u00e1n esperando el resultado del familiar para ver si sigue aislado o se le levanta el aislamiento&#8230;\u00bb<\/p>\n<p>Los fines de semana los parques, plazas y especialmente la zona de la laguna reciben mucha gente que se junta en estos lugares. Ante la consulta sobre que medidas se van a tomar para reducir esto el Secretario de Gobierno Chascomunenses contesto \u00abLo que tenemos que hacer es seguir con las medidas de prevenci\u00f3n personales. Seria imposible que haya gente del municipio o de la provincia controlando a los vecinos o turistas. Por eso necesitamos la prevenci\u00f3n personal. Eso es una obligaci\u00f3n que tenemos los ciudadanos para que no haya da\u00f1os mayores. El aumento de casos va a hacer que haya mayor demanda de internaciones y esto puede profundizar la situaci\u00f3n sanitaria que estamos viviendo&#8230;\u00bb<\/p>\n<p>Hace unas semanas se conoci\u00f3 la noticia de la renuncia del Bacteri\u00f3logo Facundo \u00c1lvarez, quien estaba a cargo del Laboratorio del Hospital de Chascom\u00fas. Por ello dialogamos el pasado jueves con la Directora de Salud del municipio Dra. Marcela Arias quien al ser consultada sobre el director del laboratorio dijo que el mismo est\u00e1 hace 20 a\u00f1os en su cargo pero no preciso el nombre de la persona encargada. Ahora al ser consultado P\u00e9rez del Cerro dijo \u00abEl responsable del laboratorio es Pablo Pignataro&#8230;\u00bb<\/p>\n<p>En la parte final de la entrevista lleg\u00f3 el debate y la pol\u00e9mica. Solferino pregunt\u00f3 por la situaci\u00f3n de la concesi\u00f3n del edificio del Turista y entre quienes son los encargados de explotarlo y la empresa EDEA y un inforne de la empresa prestataria enviado al Concejo Deliberante donde afirma que constat\u00f3 irregularidades en la conexi\u00f3n del servicio \u00bb que podr\u00edan utilizar energ\u00eda sin que esta pase por el medidor\u00bb.El informe dice \u00abEl cable de acometida subterr\u00e1neo se encontraba cortado, con una derivaci\u00f3n empalmada antes del medidor. De esta forma podr\u00eda utilizarse esta derivaci\u00f3n para apropiarse de energ\u00eda, sin que la misma pudiera ser registrada por el medidor. A esto el Dr. P\u00e9rez del Cerro respondi\u00f3 \u00abVamos a escuchar al concesionario para ver que dicen ellos. EDEA no se refiere al robo de energ\u00eda porque usa el potencial y entonces no afirma nada&#8230;\u00bbexpreso el secretario de gobierno y agrego \u00abAh\u00ed tendr\u00eda que haber una afirmaci\u00f3n sobre la conexi\u00f3n del medidor. Ese informe esta en condicional. Yo no voy a actuar livianamente y si hubiera alg\u00fan error se tomaran las medidas. Le pediremos a los concesionarios un informe\u00bb<br \/>\nMartinez lo interrumpi\u00f3 firmemente: \u00bb El informe no es condicional ni usa potencial. Dice claramente que el cable ESTA cortado no que estar\u00eda. Que el empalme ESTA alterado y luego naturalmente dice que podr\u00eda utilizarse para consumir energ\u00eda sin pagarla porque al no pasa por el medidor el consumo no est\u00e1 registrado\u00bb replic\u00f3 el conductor. El funcionario hizo menci\u00f3n a su condici\u00f3n de abogado y el.periodista le advirti\u00f3: : Si tras medio siglo de periodista me tienen que explicar que es potencial y que es,afirmativo hago como Araujo: ya me quito los auriculares y me voy\u00bb.<\/p>\n<p>ESCUCHAR ENTREVISTA COMPLETA<\/p>\n<audio class=\"wp-audio-shortcode\" id=\"audio-31186-1\" preload=\"none\" style=\"width: 100%;\" controls=\"controls\"><source type=\"audio\/mpeg\" src=\"http:\/\/www.grupotiempodigital.com.ar\/wp-content\/uploads\/notasgt\/20-04-2021%20-%20Cipriano%20Perez%20del%20Cerro64.mp3?_=1\" \/><a href=\"http:\/\/www.grupotiempodigital.com.ar\/wp-content\/uploads\/notasgt\/20-04-2021%20-%20Cipriano%20Perez%20del%20Cerro64.mp3\">http:\/\/www.grupotiempodigital.com.ar\/wp-content\/uploads\/notasgt\/20-04-2021%20-%20Cipriano%20Perez%20del%20Cerro64.mp3<\/a><\/audio>\n","protected":false},"excerpt":{"rendered":"<p>El secretario de Gobierno de Chascom\u00fas Dr. Cipriano P\u00e9rez del Cerro fue entrevistado por Rub\u00e9n Mart\u00ednez y Leandro Solferino en<\/p>\n","protected":false},"author":3,"featured_media":6556,"comment_status":"open","ping_status":"open","sticky":false,"template":"","format":"standard","meta":{"colormag_page_container_layout":"default_layout","colormag_page_sidebar_layout":"default_layout","footnotes":""},"categories":[1,45,38,43],"tags":[],"class_list":["post-31186","post","type-post","status-publish","format-standard","has-post-thumbnail","hentry","category-actualidad","category-chascomus","category-destacadas","category-notas-con-audio"],"_links":{"self":[{"href":"https:\/\/grupotiempodigital.com.ar\/index.php?rest_route=\/wp\/v2\/posts\/31186","targetHints":{"allow":["GET"]}}],"collection":[{"href":"https:\/\/grupotiempodigital.com.ar\/index.php?rest_route=\/wp\/v2\/posts"}],"about":[{"href":"https:\/\/grupotiempodigital.com.ar\/index.php?rest_route=\/wp\/v2\/types\/post"}],"author":[{"embeddable":true,"href":"https:\/\/grupotiempodigital.com.ar\/index.php?rest_route=\/wp\/v2\/users\/3"}],"replies":[{"embeddable":true,"href":"https:\/\/grupotiempodigital.com.ar\/index.php?rest_route=%2Fwp%2Fv2%2Fcomments&post=31186"}],"version-history":[{"count":2,"href":"https:\/\/grupotiempodigital.com.ar\/index.php?rest_route=\/wp\/v2\/posts\/31186\/revisions"}],"predecessor-version":[{"id":31188,"href":"https:\/\/grupotiempodigital.com.ar\/index.php?rest_route=\/wp\/v2\/posts\/31186\/revisions\/31188"}],"wp:featuredmedia":[{"embeddable":true,"href":"https:\/\/grupotiempodigital.com.ar\/index.php?rest_route=\/wp\/v2\/media\/6556"}],"wp:attachment":[{"href":"https:\/\/grupotiempodigital.com.ar\/index.php?rest_route=%2Fwp%2Fv2%2Fmedia&parent=31186"}],"wp:term":[{"taxonomy":"category","embeddable":true,"href":"https:\/\/grupotiempodigital.com.ar\/index.php?rest_route=%2Fwp%2Fv2%2Fcategories&post=31186"},{"taxonomy":"post_tag","embeddable":true,"href":"https:\/\/grupotiempodigital.com.ar\/index.php?rest_route=%2Fwp%2Fv2%2Ftags&post=31186"}],"curies":[{"name":"wp","href":"https:\/\/api.w.org\/{rel}","templated":true}]}}