{"id":31167,"date":"2021-04-20T19:14:36","date_gmt":"2021-04-20T22:14:36","guid":{"rendered":"http:\/\/grupotiempodigital.com.ar\/?p=31167"},"modified":"2021-04-20T19:14:36","modified_gmt":"2021-04-20T22:14:36","slug":"convenio-entre-nacion-y-provincia-para-obras-que-alcanzan-a-general-paz","status":"publish","type":"post","link":"https:\/\/grupotiempodigital.com.ar\/?p=31167","title":{"rendered":"CONVENIO ENTRE NACI\u00d3N Y PROVINCIA PARA OBRAS QUE ALCANZAN A GENERAL PAZ"},"content":{"rendered":"<p>Esta tarde, el Intendente Municipal Juan Manuel Alvarez, acompa\u00f1ado del Secretario de Obras P\u00fablicas Luciano Lorenz\u00edn, particip\u00f3 de una videoconferencia de la que participaron el Ministro de Obras P\u00fablicas de la Naci\u00f3n, Gabriel Katopodis, el Gobernador de la Provincia de Buenos Aires, Axel Kicillof, el Ministro provincial de Infraestructura y Servicios P\u00fablicos, Agust\u00edn Simone, el Administrador del ENOHSA (Ente Nacional de Obras H\u00eddricas de Saneamiento), Enrique Cresto, y el subadminstrador N\u00e9stor Alvarez, para la firma de Convenio entre la Naci\u00f3n y la Provincia de Buenos Aires para la construcci\u00f3n y\/o adecuaci\u00f3n de 11 plantas de tratamientos l\u00edquidos cloacales.<\/p>\n<p>Para General Paz, consiste en la construcci\u00f3n de una nueva planta de tratamiento de l\u00edquidos cloacales por un monto total de 240 millones de pesos. La obra ser\u00e1 ejecutada por ABSA y significa la respuesta del Gobierno Nacional y Provincial a una demanda hist\u00f3rica con transformaciones estructurales que permitir\u00e1n una mejora sustancial en la calidad de vida de los vecinos y las vecinas del distrito.<\/p>\n<p><a href=\"https:\/\/grupotiempodigital.com.ar\/?attachment_id=31173\" rel=\"attachment wp-att-31173\"><img loading=\"lazy\" decoding=\"async\" class=\"alignleft size-full wp-image-31173\" src=\"https:\/\/grupotiempodigital.com.ar\/wp-content\/uploads\/2021\/04\/WhatsApp-Image-2021-04-20-at-18.54.30.jpeg\" alt=\"\" width=\"1280\" height=\"853\" srcset=\"https:\/\/grupotiempodigital.com.ar\/wp-content\/uploads\/2021\/04\/WhatsApp-Image-2021-04-20-at-18.54.30.jpeg 1280w, https:\/\/grupotiempodigital.com.ar\/wp-content\/uploads\/2021\/04\/WhatsApp-Image-2021-04-20-at-18.54.30-300x200.jpeg 300w, https:\/\/grupotiempodigital.com.ar\/wp-content\/uploads\/2021\/04\/WhatsApp-Image-2021-04-20-at-18.54.30-1024x682.jpeg 1024w, https:\/\/grupotiempodigital.com.ar\/wp-content\/uploads\/2021\/04\/WhatsApp-Image-2021-04-20-at-18.54.30-768x512.jpeg 768w\" sizes=\"auto, (max-width: 1280px) 100vw, 1280px\" \/><\/a> <a href=\"https:\/\/grupotiempodigital.com.ar\/?attachment_id=31174\" rel=\"attachment wp-att-31174\"><img loading=\"lazy\" decoding=\"async\" class=\"alignleft size-full wp-image-31174\" src=\"https:\/\/grupotiempodigital.com.ar\/wp-content\/uploads\/2021\/04\/WhatsApp-Image-2021-04-20-at-18.54.31.jpeg\" alt=\"\" width=\"1280\" height=\"853\" srcset=\"https:\/\/grupotiempodigital.com.ar\/wp-content\/uploads\/2021\/04\/WhatsApp-Image-2021-04-20-at-18.54.31.jpeg 1280w, https:\/\/grupotiempodigital.com.ar\/wp-content\/uploads\/2021\/04\/WhatsApp-Image-2021-04-20-at-18.54.31-300x200.jpeg 300w, https:\/\/grupotiempodigital.com.ar\/wp-content\/uploads\/2021\/04\/WhatsApp-Image-2021-04-20-at-18.54.31-1024x682.jpeg 1024w, https:\/\/grupotiempodigital.com.ar\/wp-content\/uploads\/2021\/04\/WhatsApp-Image-2021-04-20-at-18.54.31-768x512.jpeg 768w\" sizes=\"auto, (max-width: 1280px) 100vw, 1280px\" \/><\/a><\/p>\n","protected":false},"excerpt":{"rendered":"<p>Esta tarde, el Intendente Municipal Juan Manuel Alvarez, acompa\u00f1ado del Secretario de Obras P\u00fablicas Luciano Lorenz\u00edn, particip\u00f3 de una videoconferencia<\/p>\n","protected":false},"author":3,"featured_media":31173,"comment_status":"open","ping_status":"open","sticky":false,"template":"","format":"standard","meta":{"colormag_page_container_layout":"default_layout","colormag_page_sidebar_layout":"default_layout","footnotes":""},"categories":[1,38,44],"tags":[],"class_list":["post-31167","post","type-post","status-publish","format-standard","has-post-thumbnail","hentry","category-actualidad","category-destacadas","category-general-paz"],"_links":{"self":[{"href":"https:\/\/grupotiempodigital.com.ar\/index.php?rest_route=\/wp\/v2\/posts\/31167","targetHints":{"allow":["GET"]}}],"collection":[{"href":"https:\/\/grupotiempodigital.com.ar\/index.php?rest_route=\/wp\/v2\/posts"}],"about":[{"href":"https:\/\/grupotiempodigital.com.ar\/index.php?rest_route=\/wp\/v2\/types\/post"}],"author":[{"embeddable":true,"href":"https:\/\/grupotiempodigital.com.ar\/index.php?rest_route=\/wp\/v2\/users\/3"}],"replies":[{"embeddable":true,"href":"https:\/\/grupotiempodigital.com.ar\/index.php?rest_route=%2Fwp%2Fv2%2Fcomments&post=31167"}],"version-history":[{"count":2,"href":"https:\/\/grupotiempodigital.com.ar\/index.php?rest_route=\/wp\/v2\/posts\/31167\/revisions"}],"predecessor-version":[{"id":31175,"href":"https:\/\/grupotiempodigital.com.ar\/index.php?rest_route=\/wp\/v2\/posts\/31167\/revisions\/31175"}],"wp:featuredmedia":[{"embeddable":true,"href":"https:\/\/grupotiempodigital.com.ar\/index.php?rest_route=\/wp\/v2\/media\/31173"}],"wp:attachment":[{"href":"https:\/\/grupotiempodigital.com.ar\/index.php?rest_route=%2Fwp%2Fv2%2Fmedia&parent=31167"}],"wp:term":[{"taxonomy":"category","embeddable":true,"href":"https:\/\/grupotiempodigital.com.ar\/index.php?rest_route=%2Fwp%2Fv2%2Fcategories&post=31167"},{"taxonomy":"post_tag","embeddable":true,"href":"https:\/\/grupotiempodigital.com.ar\/index.php?rest_route=%2Fwp%2Fv2%2Ftags&post=31167"}],"curies":[{"name":"wp","href":"https:\/\/api.w.org\/{rel}","templated":true}]}}