{"id":31157,"date":"2021-04-20T16:34:42","date_gmt":"2021-04-20T19:34:42","guid":{"rendered":"http:\/\/grupotiempodigital.com.ar\/?p=31157"},"modified":"2021-04-20T16:34:42","modified_gmt":"2021-04-20T19:34:42","slug":"el-administrador-del-instituto-de-la-vivienda-visito-ranchos","status":"publish","type":"post","link":"https:\/\/grupotiempodigital.com.ar\/?p=31157","title":{"rendered":"EL ADMINISTRADOR DEL INSTITUTO DE LA VIVIENDA VISIT\u00d3 RANCHOS"},"content":{"rendered":"<p>El Intendente Municipal Juan Manuel Alvarez recibi\u00f3 esta ma\u00f1ana la visita del Administrador General del Instituto de la Vivienda de la Provincia de Buenos Aires, Ing. Miguel Oroz. Junto al Secretario de Obras P\u00fablicas y Privadas, Luciano Lorenz\u00edn, inspeccionaron el barrio de 53 viviendas del Plan Federal que est\u00e1 pr\u00f3ximo a entregarse.<br \/>\nAdem\u00e1s, supervisaron el terreno contiguo a la Escuela Primaria N\u00b0 4 donde se emplazar\u00e1 el nuevo barrio de 39 viviendas, respecto del cual ya se encuentra firmado el contrato con la empresa a cargo de la obra y se estima que inicie en las pr\u00f3ximas semanas.<\/p>\n<div id='gallery-1' class='gallery galleryid-31157 gallery-columns-3 gallery-size-large'><figure class='gallery-item'>\n\t\t\t<div class='gallery-icon landscape'>\n\t\t\t\t<a href='https:\/\/grupotiempodigital.com.ar\/?attachment_id=31164'><img loading=\"lazy\" decoding=\"async\" width=\"800\" height=\"533\" src=\"https:\/\/grupotiempodigital.com.ar\/wp-content\/uploads\/2021\/04\/ADMINISTRADOR-DEL-INSTITUTO-DE-LA-VIVIENDA5-1024x682.jpeg\" class=\"attachment-large size-large\" alt=\"\" srcset=\"https:\/\/grupotiempodigital.com.ar\/wp-content\/uploads\/2021\/04\/ADMINISTRADOR-DEL-INSTITUTO-DE-LA-VIVIENDA5-1024x682.jpeg 1024w, https:\/\/grupotiempodigital.com.ar\/wp-content\/uploads\/2021\/04\/ADMINISTRADOR-DEL-INSTITUTO-DE-LA-VIVIENDA5-300x200.jpeg 300w, https:\/\/grupotiempodigital.com.ar\/wp-content\/uploads\/2021\/04\/ADMINISTRADOR-DEL-INSTITUTO-DE-LA-VIVIENDA5-768x512.jpeg 768w, https:\/\/grupotiempodigital.com.ar\/wp-content\/uploads\/2021\/04\/ADMINISTRADOR-DEL-INSTITUTO-DE-LA-VIVIENDA5.jpeg 1280w\" sizes=\"auto, (max-width: 800px) 100vw, 800px\" \/><\/a>\n\t\t\t<\/div><\/figure><figure class='gallery-item'>\n\t\t\t<div class='gallery-icon landscape'>\n\t\t\t\t<a href='https:\/\/grupotiempodigital.com.ar\/?attachment_id=31163'><img loading=\"lazy\" decoding=\"async\" width=\"800\" height=\"533\" src=\"https:\/\/grupotiempodigital.com.ar\/wp-content\/uploads\/2021\/04\/ADMINISTRADOR-DEL-INSTITUTO-DE-LA-VIVIENDA4-1024x682.jpeg\" class=\"attachment-large size-large\" alt=\"\" srcset=\"https:\/\/grupotiempodigital.com.ar\/wp-content\/uploads\/2021\/04\/ADMINISTRADOR-DEL-INSTITUTO-DE-LA-VIVIENDA4-1024x682.jpeg 1024w, https:\/\/grupotiempodigital.com.ar\/wp-content\/uploads\/2021\/04\/ADMINISTRADOR-DEL-INSTITUTO-DE-LA-VIVIENDA4-300x200.jpeg 300w, https:\/\/grupotiempodigital.com.ar\/wp-content\/uploads\/2021\/04\/ADMINISTRADOR-DEL-INSTITUTO-DE-LA-VIVIENDA4-768x512.jpeg 768w, https:\/\/grupotiempodigital.com.ar\/wp-content\/uploads\/2021\/04\/ADMINISTRADOR-DEL-INSTITUTO-DE-LA-VIVIENDA4.jpeg 1280w\" sizes=\"auto, (max-width: 800px) 100vw, 800px\" \/><\/a>\n\t\t\t<\/div><\/figure><figure class='gallery-item'>\n\t\t\t<div class='gallery-icon landscape'>\n\t\t\t\t<a href='https:\/\/grupotiempodigital.com.ar\/?attachment_id=31162'><img loading=\"lazy\" decoding=\"async\" width=\"800\" height=\"533\" src=\"https:\/\/grupotiempodigital.com.ar\/wp-content\/uploads\/2021\/04\/ADMINISTRADOR-DEL-INSTITUTO-DE-LA-VIVIENDA3-1024x682.jpeg\" class=\"attachment-large size-large\" alt=\"\" srcset=\"https:\/\/grupotiempodigital.com.ar\/wp-content\/uploads\/2021\/04\/ADMINISTRADOR-DEL-INSTITUTO-DE-LA-VIVIENDA3-1024x682.jpeg 1024w, https:\/\/grupotiempodigital.com.ar\/wp-content\/uploads\/2021\/04\/ADMINISTRADOR-DEL-INSTITUTO-DE-LA-VIVIENDA3-300x200.jpeg 300w, https:\/\/grupotiempodigital.com.ar\/wp-content\/uploads\/2021\/04\/ADMINISTRADOR-DEL-INSTITUTO-DE-LA-VIVIENDA3-768x512.jpeg 768w, https:\/\/grupotiempodigital.com.ar\/wp-content\/uploads\/2021\/04\/ADMINISTRADOR-DEL-INSTITUTO-DE-LA-VIVIENDA3.jpeg 1280w\" sizes=\"auto, (max-width: 800px) 100vw, 800px\" \/><\/a>\n\t\t\t<\/div><\/figure><figure class='gallery-item'>\n\t\t\t<div class='gallery-icon landscape'>\n\t\t\t\t<a href='https:\/\/grupotiempodigital.com.ar\/?attachment_id=31161'><img loading=\"lazy\" decoding=\"async\" width=\"800\" height=\"533\" src=\"https:\/\/grupotiempodigital.com.ar\/wp-content\/uploads\/2021\/04\/ADMINISTRADOR-DEL-INSTITUTO-DE-LA-VIVIENDA2-1024x682.jpeg\" class=\"attachment-large size-large\" alt=\"\" srcset=\"https:\/\/grupotiempodigital.com.ar\/wp-content\/uploads\/2021\/04\/ADMINISTRADOR-DEL-INSTITUTO-DE-LA-VIVIENDA2-1024x682.jpeg 1024w, https:\/\/grupotiempodigital.com.ar\/wp-content\/uploads\/2021\/04\/ADMINISTRADOR-DEL-INSTITUTO-DE-LA-VIVIENDA2-300x200.jpeg 300w, https:\/\/grupotiempodigital.com.ar\/wp-content\/uploads\/2021\/04\/ADMINISTRADOR-DEL-INSTITUTO-DE-LA-VIVIENDA2-768x512.jpeg 768w, https:\/\/grupotiempodigital.com.ar\/wp-content\/uploads\/2021\/04\/ADMINISTRADOR-DEL-INSTITUTO-DE-LA-VIVIENDA2.jpeg 1280w\" sizes=\"auto, (max-width: 800px) 100vw, 800px\" \/><\/a>\n\t\t\t<\/div><\/figure><figure class='gallery-item'>\n\t\t\t<div class='gallery-icon landscape'>\n\t\t\t\t<a href='https:\/\/grupotiempodigital.com.ar\/?attachment_id=31159'><img loading=\"lazy\" decoding=\"async\" width=\"800\" height=\"533\" src=\"https:\/\/grupotiempodigital.com.ar\/wp-content\/uploads\/2021\/04\/ADMINISTRADOR-DEL-INSTITUTO-DE-LA-VIVIENDA6-1024x682.jpeg\" class=\"attachment-large size-large\" alt=\"\" srcset=\"https:\/\/grupotiempodigital.com.ar\/wp-content\/uploads\/2021\/04\/ADMINISTRADOR-DEL-INSTITUTO-DE-LA-VIVIENDA6-1024x682.jpeg 1024w, https:\/\/grupotiempodigital.com.ar\/wp-content\/uploads\/2021\/04\/ADMINISTRADOR-DEL-INSTITUTO-DE-LA-VIVIENDA6-300x200.jpeg 300w, https:\/\/grupotiempodigital.com.ar\/wp-content\/uploads\/2021\/04\/ADMINISTRADOR-DEL-INSTITUTO-DE-LA-VIVIENDA6-768x512.jpeg 768w, https:\/\/grupotiempodigital.com.ar\/wp-content\/uploads\/2021\/04\/ADMINISTRADOR-DEL-INSTITUTO-DE-LA-VIVIENDA6.jpeg 1280w\" sizes=\"auto, (max-width: 800px) 100vw, 800px\" \/><\/a>\n\t\t\t<\/div><\/figure>\n\t\t<\/div>\n\n","protected":false},"excerpt":{"rendered":"<p>El Intendente Municipal Juan Manuel Alvarez recibi\u00f3 esta ma\u00f1ana la visita del Administrador General del Instituto de la Vivienda de<\/p>\n","protected":false},"author":3,"featured_media":31160,"comment_status":"open","ping_status":"open","sticky":false,"template":"","format":"standard","meta":{"colormag_page_container_layout":"default_layout","colormag_page_sidebar_layout":"default_layout","footnotes":""},"categories":[1,38,44],"tags":[],"class_list":["post-31157","post","type-post","status-publish","format-standard","has-post-thumbnail","hentry","category-actualidad","category-destacadas","category-general-paz"],"_links":{"self":[{"href":"https:\/\/grupotiempodigital.com.ar\/index.php?rest_route=\/wp\/v2\/posts\/31157","targetHints":{"allow":["GET"]}}],"collection":[{"href":"https:\/\/grupotiempodigital.com.ar\/index.php?rest_route=\/wp\/v2\/posts"}],"about":[{"href":"https:\/\/grupotiempodigital.com.ar\/index.php?rest_route=\/wp\/v2\/types\/post"}],"author":[{"embeddable":true,"href":"https:\/\/grupotiempodigital.com.ar\/index.php?rest_route=\/wp\/v2\/users\/3"}],"replies":[{"embeddable":true,"href":"https:\/\/grupotiempodigital.com.ar\/index.php?rest_route=%2Fwp%2Fv2%2Fcomments&post=31157"}],"version-history":[{"count":3,"href":"https:\/\/grupotiempodigital.com.ar\/index.php?rest_route=\/wp\/v2\/posts\/31157\/revisions"}],"predecessor-version":[{"id":31166,"href":"https:\/\/grupotiempodigital.com.ar\/index.php?rest_route=\/wp\/v2\/posts\/31157\/revisions\/31166"}],"wp:featuredmedia":[{"embeddable":true,"href":"https:\/\/grupotiempodigital.com.ar\/index.php?rest_route=\/wp\/v2\/media\/31160"}],"wp:attachment":[{"href":"https:\/\/grupotiempodigital.com.ar\/index.php?rest_route=%2Fwp%2Fv2%2Fmedia&parent=31157"}],"wp:term":[{"taxonomy":"category","embeddable":true,"href":"https:\/\/grupotiempodigital.com.ar\/index.php?rest_route=%2Fwp%2Fv2%2Fcategories&post=31157"},{"taxonomy":"post_tag","embeddable":true,"href":"https:\/\/grupotiempodigital.com.ar\/index.php?rest_route=%2Fwp%2Fv2%2Ftags&post=31157"}],"curies":[{"name":"wp","href":"https:\/\/api.w.org\/{rel}","templated":true}]}}