{"id":30385,"date":"2021-03-17T08:44:17","date_gmt":"2021-03-17T11:44:17","guid":{"rendered":"http:\/\/grupotiempodigital.com.ar\/?p=30385"},"modified":"2021-03-17T13:31:19","modified_gmt":"2021-03-17T16:31:19","slug":"entrevista-a-walter-borges","status":"publish","type":"post","link":"https:\/\/grupotiempodigital.com.ar\/?p=30385","title":{"rendered":"Entrevista a Walter Borges"},"content":{"rendered":"<p>El martes el gran tirador ranchero Walter Borges fue entrevistado en los medios del Grupo Tiempo donde dio detalles de su actividad.<\/p>\n<p>\u201cPor suerte venimos sobreviviendo a toda la ola de chicos nuevos que arrancan, de competidores fuertes\u2026\u201d\u00a0 dijo Borges.<\/p>\n<p>Desde hace cuatro a\u00f1os estoy en la categor\u00eda Se\u00f1or, ganando alg\u00fan torneo, estoy bien\u2026\u201dUno siempre quiere disparar m\u00e1s r\u00e1pido, este deporte te lleva a siempre querer ir un poco m\u00e1s r\u00e1pido y f\u00edsicamente me encuentro muy bien\u2026\u201d<\/p>\n<p>El 2020 fue duro, se suspendi\u00f3 todo y luego se empez\u00f3 a\u00a0 abrir lo esencial, lo deportivo qued\u00f3 mas retrasado, por suerte este deporte como se practica al aire libre de a poquito empezamos a ir entrenando\u2026\u201d expres\u00f3 Borges<\/p>\n<p>\u201cEn este momento estamos disparando casi todas las semana en forma reducida, siempre en Lomas que es mi segunda casa\u2026.\u201d. En quince d\u00edas tenemos el \u00faltimo torneo donde quedaran conformados los equipos que van a representar al pa\u00eds en distintos evento\u2026\u201d finaliz\u00f3 Walter.<\/p>\n<p>Escucha la entrevista completa aca:<\/p>\n<audio class=\"wp-audio-shortcode\" id=\"audio-30385-1\" preload=\"none\" style=\"width: 100%;\" controls=\"controls\"><source type=\"audio\/mpeg\" src=\"https:\/\/grupotiempodigital.com.ar\/wp-content\/uploads\/2021\/03\/16-03-2021-Walter-Borges64.mp3?_=1\" \/><a href=\"https:\/\/grupotiempodigital.com.ar\/wp-content\/uploads\/2021\/03\/16-03-2021-Walter-Borges64.mp3\">https:\/\/grupotiempodigital.com.ar\/wp-content\/uploads\/2021\/03\/16-03-2021-Walter-Borges64.mp3<\/a><\/audio>\n","protected":false},"excerpt":{"rendered":"<p>El martes el gran tirador ranchero Walter Borges fue entrevistado en los medios del Grupo Tiempo donde dio detalles de<\/p>\n","protected":false},"author":3,"featured_media":5276,"comment_status":"open","ping_status":"open","sticky":false,"template":"","format":"standard","meta":{"colormag_page_container_layout":"default_layout","colormag_page_sidebar_layout":"default_layout","footnotes":""},"categories":[1,5,38,44,43],"tags":[],"class_list":["post-30385","post","type-post","status-publish","format-standard","has-post-thumbnail","hentry","category-actualidad","category-deportivas","category-destacadas","category-general-paz","category-notas-con-audio"],"_links":{"self":[{"href":"https:\/\/grupotiempodigital.com.ar\/index.php?rest_route=\/wp\/v2\/posts\/30385","targetHints":{"allow":["GET"]}}],"collection":[{"href":"https:\/\/grupotiempodigital.com.ar\/index.php?rest_route=\/wp\/v2\/posts"}],"about":[{"href":"https:\/\/grupotiempodigital.com.ar\/index.php?rest_route=\/wp\/v2\/types\/post"}],"author":[{"embeddable":true,"href":"https:\/\/grupotiempodigital.com.ar\/index.php?rest_route=\/wp\/v2\/users\/3"}],"replies":[{"embeddable":true,"href":"https:\/\/grupotiempodigital.com.ar\/index.php?rest_route=%2Fwp%2Fv2%2Fcomments&post=30385"}],"version-history":[{"count":4,"href":"https:\/\/grupotiempodigital.com.ar\/index.php?rest_route=\/wp\/v2\/posts\/30385\/revisions"}],"predecessor-version":[{"id":30395,"href":"https:\/\/grupotiempodigital.com.ar\/index.php?rest_route=\/wp\/v2\/posts\/30385\/revisions\/30395"}],"wp:featuredmedia":[{"embeddable":true,"href":"https:\/\/grupotiempodigital.com.ar\/index.php?rest_route=\/wp\/v2\/media\/5276"}],"wp:attachment":[{"href":"https:\/\/grupotiempodigital.com.ar\/index.php?rest_route=%2Fwp%2Fv2%2Fmedia&parent=30385"}],"wp:term":[{"taxonomy":"category","embeddable":true,"href":"https:\/\/grupotiempodigital.com.ar\/index.php?rest_route=%2Fwp%2Fv2%2Fcategories&post=30385"},{"taxonomy":"post_tag","embeddable":true,"href":"https:\/\/grupotiempodigital.com.ar\/index.php?rest_route=%2Fwp%2Fv2%2Ftags&post=30385"}],"curies":[{"name":"wp","href":"https:\/\/api.w.org\/{rel}","templated":true}]}}