{"id":29370,"date":"2021-02-04T17:18:42","date_gmt":"2021-02-04T20:18:42","guid":{"rendered":"http:\/\/grupotiempodigital.com.ar\/?p=29370"},"modified":"2021-02-04T17:18:42","modified_gmt":"2021-02-04T20:18:42","slug":"pedro-perez-esta-carrera-la-tomo-como-un-gasto-de-vacaciones","status":"publish","type":"post","link":"https:\/\/grupotiempodigital.com.ar\/?p=29370","title":{"rendered":"Pedro Perez. \u00bb Esta carrera la tomo como un gasto de vacaciones\u00bb"},"content":{"rendered":"<p>Este fin de semana se pone una en marcha la edici\u00f3n 2021 del campeonato del Rally Mar y Sierras y en esta primera fecha se correr\u00e1 en Lavalle. Uno de los animadores de la Clase N1 ser\u00e1 el ranchero Pedro P\u00e9rez quien estar\u00e1 acompa\u00f1ado en la butaca derecha por Braian Ferreyra. Por esto Rub\u00e9n Mart\u00ednez y Leandro Solferino dialogaron con el piloto ranchero en las radios de Tiempo.<br \/>\n\u00abEstamos ultimando los detalles. Nos salimos de la vaina por ir a correr una carrera de rally. Estuvimos parados por la pandemia pero tenemos que confiar para que salga todo bien&#8230;\u00bbprecis\u00f3 P\u00e9rez ante la consulta de como esperaba este carrera.<br \/>\n\u00abYo lo mire poquito pero se corren los 2 primes que se corren cerca del casco urbano. Se rompen un poco en una parte del Santos Vegas donde termina cerca del r\u00edo que es un piso medio bravo. A pesar de la parte del final son trazados lindos. El mas bravo era el que estaba del otro de la ruta, que el piso se ponia bravo en seco y con barro&#8230;\u00bb explic\u00f3 en referencia al conocimiento de los caminos donde se correr\u00e1.<br \/>\nRub\u00e9n Mart\u00ednez le pregunto sobre como fue el armado del Gol con el que competir\u00e1 \u00abEste auto lo arme todo yo. Se arm\u00f3 para el a\u00f1o pasado donde corrimos 4 carreras. La satisfacci\u00f3n que tengo es que lo arm\u00e9 con un grupo de amigos. El motor lo armo Juan Pablo Labarere. El auto esta tal cual lo hab\u00edamos dejado para la \u00faltima del a\u00f1o pasado que no pudimos correr. Ahora al auto se le hizo un repaso total, es mas: se le esta haciendo un repaso ahora mismo, para salir ma\u00f1ana para all\u00e1&#8230;\u00bb respondi\u00f3 P\u00e9rez y agrego \u00abanoche hab\u00eda 9 pilotos en mi categor\u00eda (en la N1 hab\u00eda 11 autos anotados al momento de la nota). Es una categor\u00eda que siempre junta muchos autos. Tengo la expectativa de ir a pasarla bien y divertirnos. Y siempre dar lo mejor para el equipo. El podio seria ideal pero lo importante es llegar porque hay buenos pilotos y todos peleamos la cent\u00e9sima&#8230;\u00bb cerro P\u00e9rez<br \/>\nLeandro Solferino le pregunto al piloto ranchero sobre si hab\u00eda tenido contactos con la dirigencia del Mar y Sierras para ver cuales eran los protocolos y los pasos a seguir en un futuro. Aqu\u00ed Pedro respondi\u00f3 \u00abPor lo que tengo entendido y tuve una charla con Alejandro Flores hay un protocolo estipulado por la categor\u00eda. Y a futuro por ahora hay una carrera en Madariaga y el resto a designar. No es buena la situaci\u00f3n del pa\u00eds econ\u00f3micamente y eso lo tienen que manejar los dirigentes&#8230;.\u00bb Esto lo llevo a Rub\u00e9n Mart\u00ednez a consultar sobre si cada d\u00eda es mas dif\u00edcil la participaci\u00f3n en el rally \u00ab\u00bbSiempre fue dif\u00edcil el tema econ\u00f3mico. El automovilismo es plata, los fierros tienen que ser buenos y la mano de obra vale. Y para salir del pueblo necesitas plata. Es un tema que hay que ir manej\u00e1ndolo. Este a\u00f1o es carrera a carrera no creo que se pueda pensar a 4 meses porque todos los d\u00edas nos aumentan los costos. A esta carrera voy porque me la tomo como un gasto de vacaciones la pr\u00f3xima no se&#8230;\u00bb finalizo P\u00e9rez<br \/>\nLa ultima pregunta giro en torno a conocer como ser\u00e1 el cronograma de la carrera y pedro respondi\u00f3 \u00abLo que no hay es rampa de largada. Se larga el s\u00e1bado a las 10 de la ma\u00f1ana. Ma\u00f1ana es todo lo administrativo, el Shakedown y la reuni\u00f3n de pilotos&#8230;\u00bb expreso.<br \/>\nPor ultimo agradeci\u00f3 a los amigos que lo apoyan y lo ayudan a realizar esta locura, a la familia y al T\u00edo Orlando y a los que lo apoyan.<br \/>\nPedro correra con su Gol n\u00famero 708 en.la clase N1.<\/p>\n<audio class=\"wp-audio-shortcode\" id=\"audio-29370-1\" preload=\"none\" style=\"width: 100%;\" controls=\"controls\"><source type=\"audio\/mpeg\" src=\"https:\/\/grupotiempodigital.com.ar\/wp-content\/uploads\/2021\/02\/04-02-2021-Pedro-Perez64.mp3?_=1\" \/><a href=\"https:\/\/grupotiempodigital.com.ar\/wp-content\/uploads\/2021\/02\/04-02-2021-Pedro-Perez64.mp3\">https:\/\/grupotiempodigital.com.ar\/wp-content\/uploads\/2021\/02\/04-02-2021-Pedro-Perez64.mp3<\/a><\/audio>\n","protected":false},"excerpt":{"rendered":"<p>Este fin de semana se pone una en marcha la edici\u00f3n 2021 del campeonato del Rally Mar y Sierras y<\/p>\n","protected":false},"author":3,"featured_media":29368,"comment_status":"open","ping_status":"open","sticky":false,"template":"","format":"standard","meta":{"colormag_page_container_layout":"default_layout","colormag_page_sidebar_layout":"default_layout","footnotes":""},"categories":[1,5],"tags":[],"class_list":["post-29370","post","type-post","status-publish","format-standard","has-post-thumbnail","hentry","category-actualidad","category-deportivas"],"_links":{"self":[{"href":"https:\/\/grupotiempodigital.com.ar\/index.php?rest_route=\/wp\/v2\/posts\/29370","targetHints":{"allow":["GET"]}}],"collection":[{"href":"https:\/\/grupotiempodigital.com.ar\/index.php?rest_route=\/wp\/v2\/posts"}],"about":[{"href":"https:\/\/grupotiempodigital.com.ar\/index.php?rest_route=\/wp\/v2\/types\/post"}],"author":[{"embeddable":true,"href":"https:\/\/grupotiempodigital.com.ar\/index.php?rest_route=\/wp\/v2\/users\/3"}],"replies":[{"embeddable":true,"href":"https:\/\/grupotiempodigital.com.ar\/index.php?rest_route=%2Fwp%2Fv2%2Fcomments&post=29370"}],"version-history":[{"count":2,"href":"https:\/\/grupotiempodigital.com.ar\/index.php?rest_route=\/wp\/v2\/posts\/29370\/revisions"}],"predecessor-version":[{"id":29372,"href":"https:\/\/grupotiempodigital.com.ar\/index.php?rest_route=\/wp\/v2\/posts\/29370\/revisions\/29372"}],"wp:featuredmedia":[{"embeddable":true,"href":"https:\/\/grupotiempodigital.com.ar\/index.php?rest_route=\/wp\/v2\/media\/29368"}],"wp:attachment":[{"href":"https:\/\/grupotiempodigital.com.ar\/index.php?rest_route=%2Fwp%2Fv2%2Fmedia&parent=29370"}],"wp:term":[{"taxonomy":"category","embeddable":true,"href":"https:\/\/grupotiempodigital.com.ar\/index.php?rest_route=%2Fwp%2Fv2%2Fcategories&post=29370"},{"taxonomy":"post_tag","embeddable":true,"href":"https:\/\/grupotiempodigital.com.ar\/index.php?rest_route=%2Fwp%2Fv2%2Ftags&post=29370"}],"curies":[{"name":"wp","href":"https:\/\/api.w.org\/{rel}","templated":true}]}}