{"id":29297,"date":"2021-02-02T15:48:43","date_gmt":"2021-02-02T18:48:43","guid":{"rendered":"http:\/\/grupotiempodigital.com.ar\/?p=29297"},"modified":"2021-02-02T15:48:43","modified_gmt":"2021-02-02T18:48:43","slug":"nunzio-vernaci-muero-de-ganas-de-correr-paro-seguro-que-espero-hasta-la-proxima","status":"publish","type":"post","link":"https:\/\/grupotiempodigital.com.ar\/?p=29297","title":{"rendered":"Nunzio Vernaci\u00bb Muero de ganas de correr paro seguro que espero hasta la pr\u00f3xima\u00bb"},"content":{"rendered":"<p>Este fin de semana comienza una nueva temporada del Rally Mar y Sierras y por eso, y por otras cuestiones m\u00e1s personales, hablamos en Tiempo de Verano con el hist\u00f3rico Nunzio Vernaci quien nos coment\u00f3 como fue su 2020 y como se prepara para encarar el 2021 donde podr\u00eda volver a correr con su fiel aliado el R18 o su Gol de la clase,A.<\/p>\n<p>\u00abA sido un a\u00f1o duro, tratando de reponernos de algunas situaciones que fueron duras ( ha superado un serio problema de salud) Y en lo personal tratando de reponerme del todo. Ha sido un trance dif\u00edcil y ahora estoy para empezar de nuevo. Siempre trat\u00e9 de transitar esto lo mejor posible. Fue importante el apoyo de infinidad de personas que levantan el animo y es invalorable lo que pas\u00f3 cuando llegan estas muestras de afecto. Aunque parezca mentira en todo el 2020 aparte de la pandemia, en lo personal pase un proceso que nunca pens\u00e9 que me pod\u00eda pasar deseaba sentarme en un auto de carrera. Hoy estoy feliz de sentir que puedo volver a hacerlo&#8230;\u00bb expres\u00f3 el piloto ranchero sobre el duro 2020 que le toco vivir.<\/p>\n<p>Al ser consultado por su participaci\u00f3n en esta primera carrera del 2021 en General Lavalle Vernaci explico \u00abEn principio hab\u00edamos tenido conversaciones con la dirigencia del Mar y Sierras porque en la Clase A hay pocos autos. Y a mi me gusta correr y medirme. Y tambi\u00e9n pensamos ir con el 18 en la clase hist\u00f3rica pero tampoco hay autos. Los autos est\u00e1n listos pero todo tiene que ver con la competitividad que pueda haber. Creo que de no haber mas inscriptos (al momento de la nota no hay inscriptos en la clase A y 2 inscriptos anotados en la Clase hist\u00f3rica) no iremos ante la falta de veh\u00edculos de las categor\u00edas donde Nunzio es un asiduo animador, Basta recordar el paso con su Renault 18 por los caminos y el delirio de los amantes del rally, se refiri\u00f3 a una posible participaci\u00f3n en el Rally del Sudoeste que se correr\u00e1 en Pringles (y ser\u00e1 la 46\u00b0 edici\u00f3n del Rally de Pringles). Vernaci expreso \u00abLa verdad es mas competitiva, hay mas autos. Aunque tengo ganas de correr pero tengo la precauci\u00f3n. Adem\u00e1s mi m\u00e9dico esta de vacaciones, aunque voy a correr de cualquier manera, me deje o no me deje correr en el futuro. Tengo otro enemigo en estos momentos que es el Covid. No tengo la misma defensa contra el virus que cualquier otra persona. Yo con subir una rampa ya gane. Aunque puedo saltear esta carrera e ir con mas tranquilidad a la pr\u00f3xima. Estoy con unas ganas tremendas de subirme. Lo que sucede es que las carreras m\u00e1s lejanas salen m\u00e1s dinero. En realidad no se cuanta gente puede hacer 500 o 600 Km. de ida y vuelta para correr&#8230;\u00bb y agreg\u00f3 su deseo para la pr\u00f3xima carrera \u00abLo que sigue es Gral. Madariaga que siempre muestra muchos inscriptos. La clase A no estaba tan concurrida como la hist\u00f3rica (que termino el a\u00f1o pasado con 12 autos) pero veremos que pasa en la pr\u00f3xima&#8230;\u00bb<\/p>\n<p>La pregunta del cierre fue la que estaban esperando todos los fan\u00e1ticos del Rally y tiene que ver con el rumor que surgi\u00f3 en los \u00faltimos d\u00edas con la participaci\u00f3n del hist\u00f3rico colaborador de Nunzio, Carlos Voney acompa\u00f1\u00e1ndolo en la butaca derecha. \u00abEsto fue una idea de la dirigencia del Mar y Sierras de darle una sorpresa y darle la licencia deportiva para que se anime. Tantos a\u00f1os al lado nuestro que hace que vengo dici\u00e9ndole que me gustar\u00eda que me acompa\u00f1e. Pero el lo disfruta de abajo. Yo creo que Carlitos lo disfruta y sufre de abajo. Yo no pens\u00e9 que se sufr\u00eda tanto ah\u00ed hasta que lo viv\u00ed con.mi hijo Fran\u00bb<\/p>\n<p>Por ultimo se refiri\u00f3 a como paso su hermana Elizabeth el proceso de Covid \u00abElla esta bien. Antes de ayer le dieron el alta. la paso bastante bien, lo pas\u00f3 en su casa&#8230;.\u00bb finalizo Vernaci.<br \/>\nBien de \u00e1nimo y fortalecido el piloto ranchero tras uno de los a\u00f1os mas duros de su vida se prepara para seguir dando pelea en lis csminos y en la vida.<\/p>\n<audio class=\"wp-audio-shortcode\" id=\"audio-29297-1\" preload=\"none\" style=\"width: 100%;\" controls=\"controls\"><source type=\"audio\/mpeg\" src=\"https:\/\/grupotiempodigital.com.ar\/wp-content\/uploads\/2021\/02\/02-02-2021-Nunzio-Vernaci64.mp3?_=1\" \/><a href=\"https:\/\/grupotiempodigital.com.ar\/wp-content\/uploads\/2021\/02\/02-02-2021-Nunzio-Vernaci64.mp3\">https:\/\/grupotiempodigital.com.ar\/wp-content\/uploads\/2021\/02\/02-02-2021-Nunzio-Vernaci64.mp3<\/a><\/audio>\n","protected":false},"excerpt":{"rendered":"<p>Este fin de semana comienza una nueva temporada del Rally Mar y Sierras y por eso, y por otras cuestiones<\/p>\n","protected":false},"author":3,"featured_media":7422,"comment_status":"open","ping_status":"open","sticky":false,"template":"","format":"standard","meta":{"colormag_page_container_layout":"default_layout","colormag_page_sidebar_layout":"default_layout","footnotes":""},"categories":[1,5,38,43],"tags":[],"class_list":["post-29297","post","type-post","status-publish","format-standard","has-post-thumbnail","hentry","category-actualidad","category-deportivas","category-destacadas","category-notas-con-audio"],"_links":{"self":[{"href":"https:\/\/grupotiempodigital.com.ar\/index.php?rest_route=\/wp\/v2\/posts\/29297","targetHints":{"allow":["GET"]}}],"collection":[{"href":"https:\/\/grupotiempodigital.com.ar\/index.php?rest_route=\/wp\/v2\/posts"}],"about":[{"href":"https:\/\/grupotiempodigital.com.ar\/index.php?rest_route=\/wp\/v2\/types\/post"}],"author":[{"embeddable":true,"href":"https:\/\/grupotiempodigital.com.ar\/index.php?rest_route=\/wp\/v2\/users\/3"}],"replies":[{"embeddable":true,"href":"https:\/\/grupotiempodigital.com.ar\/index.php?rest_route=%2Fwp%2Fv2%2Fcomments&post=29297"}],"version-history":[{"count":2,"href":"https:\/\/grupotiempodigital.com.ar\/index.php?rest_route=\/wp\/v2\/posts\/29297\/revisions"}],"predecessor-version":[{"id":29299,"href":"https:\/\/grupotiempodigital.com.ar\/index.php?rest_route=\/wp\/v2\/posts\/29297\/revisions\/29299"}],"wp:featuredmedia":[{"embeddable":true,"href":"https:\/\/grupotiempodigital.com.ar\/index.php?rest_route=\/wp\/v2\/media\/7422"}],"wp:attachment":[{"href":"https:\/\/grupotiempodigital.com.ar\/index.php?rest_route=%2Fwp%2Fv2%2Fmedia&parent=29297"}],"wp:term":[{"taxonomy":"category","embeddable":true,"href":"https:\/\/grupotiempodigital.com.ar\/index.php?rest_route=%2Fwp%2Fv2%2Fcategories&post=29297"},{"taxonomy":"post_tag","embeddable":true,"href":"https:\/\/grupotiempodigital.com.ar\/index.php?rest_route=%2Fwp%2Fv2%2Ftags&post=29297"}],"curies":[{"name":"wp","href":"https:\/\/api.w.org\/{rel}","templated":true}]}}