{"id":29293,"date":"2021-02-02T15:35:22","date_gmt":"2021-02-02T18:35:22","guid":{"rendered":"http:\/\/grupotiempodigital.com.ar\/?p=29293"},"modified":"2021-02-02T15:35:22","modified_gmt":"2021-02-02T18:35:22","slug":"m-arriaga-aceptando-las-reglas-vigentes-cosquin-hizo-su-edicion-61","status":"publish","type":"post","link":"https:\/\/grupotiempodigital.com.ar\/?p=29293","title":{"rendered":"M. Arriaga: \u00bb Aceptando las reglas vigentes, Cosquin hizo su edici\u00f3n 61&#8243;"},"content":{"rendered":"<p>El pasado fin de semana se realizo la 61 edici\u00f3n del Festival de Cosqu\u00edn. El lugar de la realizaci\u00f3n del mismo no fue la tradicional Plaza Prospero Molina de la capital de folklore sino un estudio de la TV en la Capital Federal. Por esto y algunos detalles m\u00e1s sobre el armado y desarrollo de esta at\u00edpica edici\u00f3n del Festival Rub\u00e9n Mart\u00ednez y Leandro Solferino dialogaron con Mariel Arriaga Jefa de Prensa de Cosqu\u00edn en las radios de Tiempo este martes.<\/p>\n<p>\u00abFue un a\u00f1o particular. Tuvimos que adaptarnos a diferentes formatos, tanto en el circuito cultural, como el callejero y el festival y eso nos llevo a no poder hacer el festival de la forma tradicional pese a que nosotros desde mediados de Agosto con el intendente de Cosqu\u00edn decidimos que el festival se iba a realizar. Esta edici\u00f3n se hizo con 2 programas especiales en la TV publica, donde pudimos hacer entrega del Premio Camin a la trayectoria a Ofelia Leiva y el homenaje a Ariel Ram\u00edrez que fue en la emisi\u00f3n del s\u00e1bado y estuvo a cargo del hijo de Ram\u00edrez, Facundo, la Bruja Salguero, Teresa Parodi y Jairo&#8230;.\u00bb explico la jefa de prensa de Cosqu\u00edn sobre como se debi\u00f3 realizar esta 61\u00aa edici\u00f3n del festival mas grande de Latinoam\u00e9rica.<\/p>\n<p>Cuando Rub\u00e9n Mart\u00ednez le pregunto sobre si Cosqu\u00edn pag\u00f3 el precio de que si se aprobaba el Festival se venia una ola de pedidos de otros festivales Arriaga explico \u00abNosotros aceptamos y acompa\u00f1amos la decisi\u00f3n de la provincia y de la naci\u00f3n. Entendemos que la prioridad era la salud. Tuvimos una experiencia de ello cuando el mi\u00e9rcoles se grab\u00f3 la arenga y los fuegos artificiales para el programa especial que se realizo en la TV p\u00fablica y as\u00ed sin muchos anuncios los vecinos de Cosqu\u00edn cortaron la calle cumpliendo con el protocolo&#8230;\u00bb expreso Mariel y agrego \u00abSabemos que Cosqu\u00edn convoca mas all\u00e1 de la plaza. La gente tambi\u00e9n disfruta de toda la ciudad. Este a\u00f1o nos hemos visto alegrados por los visitantes que han llegado a Cosqu\u00edn sabiendo que la plaza esta cerrada. Todo ellos han comprendido que se pueden disfrutar de otras cuestiones y adaptarse a estas &#8230;\u00bb<\/p>\n<p>Ante la consulta sobre las alternativas para un futuro a corto o largo plazo La jefa de prensa del festival de Cosqu\u00edn respondi\u00f3 \u00ab\u00bbNosotros todo el 2020 seguimos trabajando como un a\u00f1o normal. En junio desarrollamos el festival de pe\u00f1as de forma virtual. Tambi\u00e9n hicimos el Cosqu\u00edn de Lunas Musicales y los espect\u00e1culos de teatro. Ahora vamos a seguir trabajando en la edici\u00f3n 62 y todas las actividades que ya est\u00e1n programados. Nosotros venimos hace mas de 5 a\u00f1os en estos espect\u00e1culos y en el 2020 tuvimos que suspender mas de 60 shows&#8230;\u00bb dijo ante la consulta de Leandro Solferino y agrego \u00abnosotros continuamos de forma constante con el sector art\u00edstico y ha sido un a\u00f1o dif\u00edcil para todos tanto en lo que tiene que ver con el parate que se dio en el sector cultura, en lo emocional y en lo econ\u00f3mico. Por eso desde Cosqu\u00edn vamos a girar la rueda y acompa\u00f1ar a reactivar el sector. Tambi\u00e9n estuvimos en contacto con las sedes del Pre-Cosqu\u00edn. Tenemos para los primeros meses planificar el plenario del Pre-Cosqu\u00edn.<\/p>\n<p>Tambi\u00e9n la representante del Festiva de Cosqu\u00edn se refiri\u00f3 a la consulta de Rub\u00e9n Mart\u00ednez sobre la inauguraci\u00f3n del busto de Horacio Guarany \u00abEso se realizo el a\u00f1o pasado y ahora esta abierto a todo el publico. Tanto el paseo Prospero Molina, como el Museo de los artesanos y el paseo del Artesanos y manualistas coscoinos y el Paseo de las Esculturas Este es un paseo que esta fijo&#8230;\u00bb cerro Arriaga quien dejo entrever que existe la posibilidad de agregar en el paseo la figura de alg\u00fan representante de la danza.<br \/>\nUna s\u00edntesis de como se vivi\u00f3 desde adentro esta particular edici\u00f3n 61 del mayor festival de Am\u00e9rica.<\/p>\n<audio class=\"wp-audio-shortcode\" id=\"audio-29293-1\" preload=\"none\" style=\"width: 100%;\" controls=\"controls\"><source type=\"audio\/mpeg\" src=\"https:\/\/grupotiempodigital.com.ar\/wp-content\/uploads\/2021\/02\/02-02-2021-Mariel-Arriaga64-.mp3?_=1\" \/><a href=\"https:\/\/grupotiempodigital.com.ar\/wp-content\/uploads\/2021\/02\/02-02-2021-Mariel-Arriaga64-.mp3\">https:\/\/grupotiempodigital.com.ar\/wp-content\/uploads\/2021\/02\/02-02-2021-Mariel-Arriaga64-.mp3<\/a><\/audio>\n","protected":false},"excerpt":{"rendered":"<p>El pasado fin de semana se realizo la 61 edici\u00f3n del Festival de Cosqu\u00edn. El lugar de la realizaci\u00f3n del<\/p>\n","protected":false},"author":3,"featured_media":29292,"comment_status":"open","ping_status":"open","sticky":false,"template":"","format":"standard","meta":{"colormag_page_container_layout":"default_layout","colormag_page_sidebar_layout":"default_layout","footnotes":""},"categories":[1,38,40,43],"tags":[],"class_list":["post-29293","post","type-post","status-publish","format-standard","has-post-thumbnail","hentry","category-actualidad","category-destacadas","category-nacionales","category-notas-con-audio"],"_links":{"self":[{"href":"https:\/\/grupotiempodigital.com.ar\/index.php?rest_route=\/wp\/v2\/posts\/29293","targetHints":{"allow":["GET"]}}],"collection":[{"href":"https:\/\/grupotiempodigital.com.ar\/index.php?rest_route=\/wp\/v2\/posts"}],"about":[{"href":"https:\/\/grupotiempodigital.com.ar\/index.php?rest_route=\/wp\/v2\/types\/post"}],"author":[{"embeddable":true,"href":"https:\/\/grupotiempodigital.com.ar\/index.php?rest_route=\/wp\/v2\/users\/3"}],"replies":[{"embeddable":true,"href":"https:\/\/grupotiempodigital.com.ar\/index.php?rest_route=%2Fwp%2Fv2%2Fcomments&post=29293"}],"version-history":[{"count":2,"href":"https:\/\/grupotiempodigital.com.ar\/index.php?rest_route=\/wp\/v2\/posts\/29293\/revisions"}],"predecessor-version":[{"id":29295,"href":"https:\/\/grupotiempodigital.com.ar\/index.php?rest_route=\/wp\/v2\/posts\/29293\/revisions\/29295"}],"wp:featuredmedia":[{"embeddable":true,"href":"https:\/\/grupotiempodigital.com.ar\/index.php?rest_route=\/wp\/v2\/media\/29292"}],"wp:attachment":[{"href":"https:\/\/grupotiempodigital.com.ar\/index.php?rest_route=%2Fwp%2Fv2%2Fmedia&parent=29293"}],"wp:term":[{"taxonomy":"category","embeddable":true,"href":"https:\/\/grupotiempodigital.com.ar\/index.php?rest_route=%2Fwp%2Fv2%2Fcategories&post=29293"},{"taxonomy":"post_tag","embeddable":true,"href":"https:\/\/grupotiempodigital.com.ar\/index.php?rest_route=%2Fwp%2Fv2%2Ftags&post=29293"}],"curies":[{"name":"wp","href":"https:\/\/api.w.org\/{rel}","templated":true}]}}