{"id":29247,"date":"2021-02-02T11:02:30","date_gmt":"2021-02-02T14:02:30","guid":{"rendered":"http:\/\/grupotiempodigital.com.ar\/?p=29247"},"modified":"2021-02-02T11:02:45","modified_gmt":"2021-02-02T14:02:45","slug":"jubilados-febrero-2021-anses-anuncio-todas-las-fechas-de-cobro","status":"publish","type":"post","link":"https:\/\/grupotiempodigital.com.ar\/?p=29247","title":{"rendered":"Jubilados febrero 2021: Anses anunci\u00f3 las fechas de cobro"},"content":{"rendered":"<p>El pago a\u00a0<b>jubilados y pensionados\u00a0<\/b>en <b>febrero <\/b>comienza el <b>lunes 8<\/b>, d\u00eda en que cobrar\u00e1n quienes tengan\u00a0<b>DNI terminados en 0\u00a0<\/b>y perciban<b>\u00a0haberes inferiores a 21.393<\/b>. As\u00ed lo estableci\u00f3 la <b>Anses<\/b>, que arm\u00f3 el calendario de pagos de este mes de acuerdo a la terminaci\u00f3n del n\u00famero de Documento Nacional de Identidad.<\/p>\n<p>Una vez que cobren todos los beneficiarios que perciban haberes de hasta $21.393, comenzar\u00e1n a percibir quienes superan ese monto.<\/p>\n<h2>El cronograma de pago a jubilados y pensionados<\/h2>\n<h3>Fechas de cobro de jubilados y pensionados con haberes inferiores a $21.393<\/h3>\n<p>DNI terminados en 0: lunes 8 de febrero<br \/>\nDNI terminados en 1: martes 9 de febrero<br \/>\nDNI terminados en 2: mi\u00e9rcoles 10 de febrero<br \/>\nDNI terminados en 3: jueves 11 de febrero<br \/>\nDNI terminados en 4 y 5: viernes 12 de febrero<br \/>\nDNI terminados en 6: mi\u00e9rcoles 17 de febrero<br \/>\nDNI terminados en 7 y 8: jueves 18 de febrero<br \/>\nDNI terminados en 9: viernes 19 de febrero<\/p>\n<h3>Fechas de cobro de jubilados y pensionados con haberes superiores a $21.393<\/h3>\n<p>DNI terminados en 0 y 1: lunes 22 de febrero<br \/>\nDNI terminados en 2 y 3: martes 23 de febrero<br \/>\nDNI terminados en 4 y 5: mi\u00e9rcoles 24 de febrero<br \/>\nDNI terminados en 6 y 7: jueves 25 de febrero<br \/>\nDNI terminados en 8 y 9: viernes 26 de febrero<\/p>\n<h3><b>El cronograma de pago completo de AUH<\/b><\/h3>\n<p>DNI terminados en 0: mi\u00e9rcoles 10 de febrero<br \/>\nDNI terminados en 1: jueves 11 de febrero<br \/>\nDNI terminados en 2: viernes 12 de febrero<br \/>\nDNI terminados en 3: mi\u00e9rcoles 17 de febrero<br \/>\nDNI terminados en 4: jueves 18 de febrero<br \/>\nDNI terminados en 5: viernes 19 de febrero<br \/>\nDNI terminados en 6: lunes 22 de febrero<br \/>\nDNI terminados en 7: martes 23 de febrero<br \/>\nDNI terminados en 8: mi\u00e9rcoles 24 de febrero<br \/>\nDNI terminados en 9: jueves 25 de febrero<\/p>\n<div class=\"teads-adCall\"><\/div>\n<div id=\"div-gpt-ad-inline\" data-google-query-id=\"CJS50fyty-4CFakDuQYd13sApA\">\n<div id=\"google_ads_iframe_\/349353471\/p12_nota_TEADS_0__container__\"><iframe id=\"google_ads_iframe_\/349353471\/p12_nota_TEADS_0\" title=\"3rd party ad content\" name=\"google_ads_iframe_\/349353471\/p12_nota_TEADS_0\" width=\"1\" height=\"1\" frameborder=\"0\" marginwidth=\"0\" marginheight=\"0\" scrolling=\"no\" data-google-container-id=\"6\" data-load-complete=\"true\" data-mce-fragment=\"1\"><\/iframe><\/div>\n<\/div>\n<p>&nbsp;<\/p>\n","protected":false},"excerpt":{"rendered":"<p>El pago a\u00a0jubilados y pensionados\u00a0en febrero comienza el lunes 8, d\u00eda en que cobrar\u00e1n quienes tengan\u00a0DNI terminados en 0\u00a0y perciban\u00a0haberes<\/p>\n","protected":false},"author":3,"featured_media":29254,"comment_status":"open","ping_status":"open","sticky":false,"template":"","format":"standard","meta":{"colormag_page_container_layout":"default_layout","colormag_page_sidebar_layout":"default_layout","footnotes":""},"categories":[1],"tags":[],"class_list":["post-29247","post","type-post","status-publish","format-standard","has-post-thumbnail","hentry","category-actualidad"],"_links":{"self":[{"href":"https:\/\/grupotiempodigital.com.ar\/index.php?rest_route=\/wp\/v2\/posts\/29247","targetHints":{"allow":["GET"]}}],"collection":[{"href":"https:\/\/grupotiempodigital.com.ar\/index.php?rest_route=\/wp\/v2\/posts"}],"about":[{"href":"https:\/\/grupotiempodigital.com.ar\/index.php?rest_route=\/wp\/v2\/types\/post"}],"author":[{"embeddable":true,"href":"https:\/\/grupotiempodigital.com.ar\/index.php?rest_route=\/wp\/v2\/users\/3"}],"replies":[{"embeddable":true,"href":"https:\/\/grupotiempodigital.com.ar\/index.php?rest_route=%2Fwp%2Fv2%2Fcomments&post=29247"}],"version-history":[{"count":3,"href":"https:\/\/grupotiempodigital.com.ar\/index.php?rest_route=\/wp\/v2\/posts\/29247\/revisions"}],"predecessor-version":[{"id":29256,"href":"https:\/\/grupotiempodigital.com.ar\/index.php?rest_route=\/wp\/v2\/posts\/29247\/revisions\/29256"}],"wp:featuredmedia":[{"embeddable":true,"href":"https:\/\/grupotiempodigital.com.ar\/index.php?rest_route=\/wp\/v2\/media\/29254"}],"wp:attachment":[{"href":"https:\/\/grupotiempodigital.com.ar\/index.php?rest_route=%2Fwp%2Fv2%2Fmedia&parent=29247"}],"wp:term":[{"taxonomy":"category","embeddable":true,"href":"https:\/\/grupotiempodigital.com.ar\/index.php?rest_route=%2Fwp%2Fv2%2Fcategories&post=29247"},{"taxonomy":"post_tag","embeddable":true,"href":"https:\/\/grupotiempodigital.com.ar\/index.php?rest_route=%2Fwp%2Fv2%2Ftags&post=29247"}],"curies":[{"name":"wp","href":"https:\/\/api.w.org\/{rel}","templated":true}]}}