{"id":29236,"date":"2021-02-01T20:00:31","date_gmt":"2021-02-01T23:00:31","guid":{"rendered":"http:\/\/grupotiempodigital.com.ar\/?p=29236"},"modified":"2021-02-01T20:00:31","modified_gmt":"2021-02-01T23:00:31","slug":"idelmar-seillant-yo-denomine-a-la-corrupcion-en-ioma-covid-19","status":"publish","type":"post","link":"https:\/\/grupotiempodigital.com.ar\/?p=29236","title":{"rendered":"IDELMAR SEILLANT: \u00bb Yo denomin\u00e9 a la corrupci\u00f3n en IOMA, Covid 19"},"content":{"rendered":"<p>El Secretario General de SUPTTIOMA, m\u00e9dico ranchero Dr. Idelmar Seillant dialog\u00f3 en Tiempo de Verano con Rub\u00e9n Mart\u00ednez en las radios de Tiempo este lunes sobre las situaciones que desencadenaron su expulsi\u00f3n del Instituto de Obra M\u00e9dico Asistencial (IOMA),<\/p>\n<p>\u00abEn el 2006 creamos una asociaci\u00f3n de profesionales llamada APIOMA, alli empezamos a notar que la causa mas importante que sufr\u00edan los afiliados no era la baja de prestaciones ni la calidad de los servicios sino que era la corrupci\u00f3n que sufr\u00eda IOMA.<br \/>\nEn ese momento estaban los gremios UPCN y ATE y no quera\u00f1\u00edan defender a un grupo de profesionales que hab\u00edan sido echados. Por eso los defendimos nosotros. Ah\u00ed decidimos crear SUPTTIOMA del cual soy presidente, hicimos un an\u00e1lisis exhaustivo y empezamos a descubrir m\u00faltiples irregularidades que llevamos a la justicia. La primera causa, es una estafa que todav\u00eda est\u00e1 en an\u00e1lisis, donde se manten\u00edan como vivos a enfermos fallecidos de c\u00e1ncer para cobrar montos de alto valor. De esa causa fue imputado un grupo grande de funcionarios. Al d\u00eda de hoy llegamos a 47 denuncias. Otra denuncia fue una de internaci\u00f3n domiciliaria donde se pagaban m\u00f3dulos onerosos, mas los insumos, Cuando uno iba a hablar con el paciente el servicio no se completaba. Esa causa se transform\u00f3 en 10 causas m\u00e1s. En una de ellas est\u00e1 imputada la empresa Continuum que facturaba servicios por prestaciones que los pacientes no recib\u00edan. La otra empresa es Hestia SRL. (N de R: conocida en los medios como la causa IOMA Jun\u00edn) que se elev\u00f3 a juicio oral. Esa causa es multimillonaria y su titular era el delegado de IOMA Jun\u00edn Eugenio Pirani. Ah\u00ed empezamos a ver que todas estas empresas estaban relacionadas con estos gremios. Estos serian los hechos que llevaron a lo que esta pasando hoy&#8230;\u00bb explic\u00f3 Seillant realizando un resumen de la situaci\u00f3n y las denuncias aportadas a la justicia en los \u00faltimos a\u00f1os A continuaci\u00f3n explico como se maneja la obra social bonaerense.\u00bbIOMA cuenta con un presupuesto propio que se vota en diputados y el senado. Adem\u00e1s tiene 14 regiones 148 delegaciones y maneja un presupuesto del 8.1 por ciento del PBI de la provincia. En el 2019 se manejaban 97 mil millones mas partidas presupuestarias. El a\u00f1o pasado no hubo presupuesto por el Covid y este a\u00f1o se incrementar\u00e1 un 25 por ciento. Hoy tenes mas de 10 mil afiliados en protesta contra IOMA por no recibir las prestaciones&#8230;\u00bb expuso Seillant para graficar la situaci\u00f3n de la obra social<br \/>\n\u00abA mi me echan por denunciar la corrupci\u00f3n actual en IOMA. El presidente de la entidad me env\u00ed\u00f3 un \u00abbozal medi\u00e1tico\u00bb por lo dichos m\u00edos. Y eso me da risa. Por que el tema m\u00e1s importante es porque la corrupci\u00f3n se sigue dinamizando. Si abr\u00eds puertas hay funcionarios que est\u00e1n desde antes del 2016&#8230;\u00bb<\/p>\n<p>Cuando se le consult\u00f3 si hay un entramado en la obra social que transciende los gobiernos Seillant comento \u00abEs lo mismo. Yo actualmente tengo una persecuci\u00f3n muy grande de los medios. Todos los bloques me han apoyado en esta persecuci\u00f3n. Nosotros cada vez que entra un presidente pedimos una audiencia para presentarnos. Desde que esta Homero Giles hicimos 4 pedidos de audiencia pero nunca nos atendi\u00f3, nunca Nos desconoce como gremio. A ATE y UPCN si los recibe. Lo que se ha hecho hasta ahora es una pintura que se desvanece r\u00e1pidamente&#8230;\u00bb<br \/>\nContinuando con la situaci\u00f3n de la Obra Social se le pregunt\u00f3 a Seillant sobre cuanto se mejorar\u00eda la atenci\u00f3n para los afiliados sino hubiera corrupci\u00f3n el Dr. Seillant expres\u00f3 \u00abAntiguamente los afiliados recib\u00edan todos gratis, ahora deben pagar por todos. En la gesti\u00f3n anterior hicimos el c\u00e1lculo que se iban 20 mil millones al a\u00f1o. A 9 causas nuestras las tom\u00f3 Carri\u00f3 para seguir una denuncia contra Scioli, porque las denuncias terminaban en la Oficina del Jefe de Gabinete. La mayor\u00eda de los funcionarios que tienen causa siguen en sus puestos. Nosotros como funcionarios de IOMA defendemos el recurso humano y los derechos laborales y salariales como tal&#8230;\u00bb<br \/>\nCuando se le pregunt\u00f3 al Dr. Idelmar Seillant sobre la situaci\u00f3n actual de IOMA respondi\u00f3 \u00abYo hice una publicaci\u00f3n que denomin\u00e9 COVID 19 (Corrupci\u00f3n Organizada, Vejaci\u00f3n Institucionalizada por d\u00e1divas del 19 por ciento), hice un escrito sobre la famosa cl\u00ednica Temperley de IOMA y tambi\u00e9n sobre unos consultorios que se ubican en 6 y 38 en La Plata. Que es una gran cosm\u00e9tica que no es gratis. Todo fue un enga\u00f1o. Tambi\u00e9n dije que si vos llamas al call center no te atiende nadie. De todo esto no hubo respuesta y por eso me echan. Ahora empapelaron IOMA con la frase a Seillant lo hech\u00f3 la Corte Suprema. Esto viene porque en 2010, iba a ver un pase a planta y se perdieron \u00bb curiosamente\u00bb unos expedientes. Por eso recurrimos a la justicia y se agreg\u00f3 una medida cautelar. Y en Octubre de 2019 no nos dan el pase a planta porque dicen que exigimos 4 puntos. Esa medida se cae para evitar mas de 1 mill\u00f3n medio de juicios de la provincia. Ellos se agarran de esa medida para echarme. Pero en 2019 yo renov\u00e9 autoridades del gremio y para ser gremialista tenes que pasar 4 estad\u00edos. Y no tener ninguna objeci\u00f3n del IOMA. Yo no encuadro en ninguna circunstancias que hay para despedirme solo encuadro en echarme por decir lo que digo y denunciar la corrupci\u00f3n&#8230;\u00bb sentencio Seillant<br \/>\n\u00abYo ingres\u00e9 en el 2005 y soy de planta transitoria he defendido a mas de 200 personas que han sido echadas o sancionadas. Ganando la totalidad de los juicios&#8230;\u00bb<\/p>\n<p>En el final de la nota se refiri\u00f3 a la movilizaci\u00f3n que se desarrollara el pr\u00f3ximo mi\u00e9rcoles \u00abNosotros lo que vamos a hacer pasado ma\u00f1ana es una movilizaci\u00f3n desde Plaza Moreno pasamos por IOMA y de ah\u00ed llevamos un petitorio al Gobernador. Va a ser contundente la cantidad de gente que va a participar. Y en lo jur\u00eddico vamos a hacer los amparos que nos corresponden por la violaci\u00f3n a la ley 23551.tambi\u00e9n comunicamos al Ministerio de Trabajo, A la CGT y al gobernador la dura realidad y la triste persecuci\u00f3n sindical&#8230;\u00bb<br \/>\nUna dur\u00edsima descripci\u00f3n del m\u00e9dico nacido en Ranchos que naturalmente posa los ojos en.la justicia y en los organismos de control porque nada de lo dicho deja de parecer escandaloso.<\/p>\n<audio class=\"wp-audio-shortcode\" id=\"audio-29236-1\" preload=\"none\" style=\"width: 100%;\" controls=\"controls\"><source type=\"audio\/mpeg\" src=\"https:\/\/grupotiempodigital.com.ar\/wp-content\/uploads\/2021\/02\/01-02-2021-Dr-Idelmar-Seillant64.mp3?_=1\" \/><a href=\"https:\/\/grupotiempodigital.com.ar\/wp-content\/uploads\/2021\/02\/01-02-2021-Dr-Idelmar-Seillant64.mp3\">https:\/\/grupotiempodigital.com.ar\/wp-content\/uploads\/2021\/02\/01-02-2021-Dr-Idelmar-Seillant64.mp3<\/a><\/audio>\n","protected":false},"excerpt":{"rendered":"<p>El Secretario General de SUPTTIOMA, m\u00e9dico ranchero Dr. Idelmar Seillant dialog\u00f3 en Tiempo de Verano con Rub\u00e9n Mart\u00ednez en las<\/p>\n","protected":false},"author":3,"featured_media":29228,"comment_status":"open","ping_status":"open","sticky":false,"template":"","format":"standard","meta":{"colormag_page_container_layout":"default_layout","colormag_page_sidebar_layout":"default_layout","footnotes":""},"categories":[1,45,38,43,42],"tags":[],"class_list":["post-29236","post","type-post","status-publish","format-standard","has-post-thumbnail","hentry","category-actualidad","category-chascomus","category-destacadas","category-notas-con-audio","category-provinciales"],"_links":{"self":[{"href":"https:\/\/grupotiempodigital.com.ar\/index.php?rest_route=\/wp\/v2\/posts\/29236","targetHints":{"allow":["GET"]}}],"collection":[{"href":"https:\/\/grupotiempodigital.com.ar\/index.php?rest_route=\/wp\/v2\/posts"}],"about":[{"href":"https:\/\/grupotiempodigital.com.ar\/index.php?rest_route=\/wp\/v2\/types\/post"}],"author":[{"embeddable":true,"href":"https:\/\/grupotiempodigital.com.ar\/index.php?rest_route=\/wp\/v2\/users\/3"}],"replies":[{"embeddable":true,"href":"https:\/\/grupotiempodigital.com.ar\/index.php?rest_route=%2Fwp%2Fv2%2Fcomments&post=29236"}],"version-history":[{"count":2,"href":"https:\/\/grupotiempodigital.com.ar\/index.php?rest_route=\/wp\/v2\/posts\/29236\/revisions"}],"predecessor-version":[{"id":29239,"href":"https:\/\/grupotiempodigital.com.ar\/index.php?rest_route=\/wp\/v2\/posts\/29236\/revisions\/29239"}],"wp:featuredmedia":[{"embeddable":true,"href":"https:\/\/grupotiempodigital.com.ar\/index.php?rest_route=\/wp\/v2\/media\/29228"}],"wp:attachment":[{"href":"https:\/\/grupotiempodigital.com.ar\/index.php?rest_route=%2Fwp%2Fv2%2Fmedia&parent=29236"}],"wp:term":[{"taxonomy":"category","embeddable":true,"href":"https:\/\/grupotiempodigital.com.ar\/index.php?rest_route=%2Fwp%2Fv2%2Fcategories&post=29236"},{"taxonomy":"post_tag","embeddable":true,"href":"https:\/\/grupotiempodigital.com.ar\/index.php?rest_route=%2Fwp%2Fv2%2Ftags&post=29236"}],"curies":[{"name":"wp","href":"https:\/\/api.w.org\/{rel}","templated":true}]}}