{"id":29186,"date":"2021-01-29T11:57:22","date_gmt":"2021-01-29T14:57:22","guid":{"rendered":"http:\/\/grupotiempodigital.com.ar\/?p=29186"},"modified":"2021-01-29T11:57:22","modified_gmt":"2021-01-29T14:57:22","slug":"gestiones-del-intendente-alvarez-en-organismos-provinciales","status":"publish","type":"post","link":"https:\/\/grupotiempodigital.com.ar\/?p=29186","title":{"rendered":"GESTIONES DEL INTENDENTE ALVAREZ EN ORGANISMOS PROVINCIALES"},"content":{"rendered":"<p>En la jornada del jueves 28 del corriente, el Intendente Municipal Juan Manuel \u00c1lvarez mantuvo encuentros de trabajo en el Ministerio de Infraestructura y Servicios P\u00fablicos de la Provincia de Buenos Aires, en el PAMI y en la Direcci\u00f3n de Vialidad Provincial respecto de gestiones para el crecimiento del distrito.<\/p>\n<p>A primera hora, se reuni\u00f3 con el Director Ejecutivo de la Unidad de Gesti\u00f3n Local VII de PAMI, Marcelo Leyria, para continuar trabajando en la mejora y la cantidad de las prestaciones para los afiliados de dicha instituci\u00f3n. Seguidamente, particip\u00f3 del acto de adjudicaci\u00f3n de 53 pozos de captaci\u00f3n de agua que ABSA realizar\u00e1 estrat\u00e9gicamente y que beneficiar\u00e1 a 18 municipios de la provincia, entre los que se encuentra General Paz. La obra tiene como fin elevar el caudal de agua en cada una de las localidades beneficiadas y la realiza el Gobierno de la Provincia en convenio con el Ente Nacional de Obras H\u00eddricas de Saneamiento (ENHOSA).<\/p>\n<p>En la Direcci\u00f3n de Vialidad Provincial, junto al Administrador General Ra\u00fal Constantino y al Gerente Ejecutivo, Omar Andrek, firmaron el convenio de asistencia t\u00e9cnica para que el personal especializado del organismo realice la inspecci\u00f3n y supervisi\u00f3n de la obra de pavimentaci\u00f3n del camino de circunvalaci\u00f3n de la Laguna de Ranchos. Adem\u00e1s, trataron temas relacionados al estado de situaci\u00f3n del proceso de licitaci\u00f3n de las obras de la Ruta 215, en el tramo comprendido entre Loma Verde y Udaondo, y la Ruta 20, que va desde la Ruta Provincial 29 hasta el deslinde con el partido de San Miguel del Monte.<\/p>\n<p>Asimismo, junto al Subsecretario Provincial de Transporte, Alejo Supply, conversaron sobre la continuidad de las tareas para aumentar la cantidad de servicios de transporte p\u00fablico, franjas horarias y recorridos para mejorar la conectividad de la localidad con la zona sur del conurbano bonaerense.<\/p>\n<p>Finalmente, junto al Subsecretario de Recursos H\u00eddricos, Guillermo Jelinsky, y el Director Provincial de Agua y Cloacas, Sergio Benet, firm\u00f3 el acta de transferencia de la obra del tendido de la red de agua potable para el Balneario R\u00edo Salado. Adem\u00e1s, avanzaron en cuanto a proyectos y licitaciones de obras hidr\u00e1ulicas y de extensi\u00f3n de la red de agua y cloacas en el distrito, como as\u00ed tambi\u00e9n de la ampliaci\u00f3n de la planta de tratamiento de l\u00edquidos cloacales.<\/p>\n<p>&nbsp;<\/p>\n<p><a href=\"https:\/\/grupotiempodigital.com.ar\/?attachment_id=29192\" rel=\"attachment wp-att-29192\"><img loading=\"lazy\" decoding=\"async\" class=\"alignleft size-medium wp-image-29192\" src=\"https:\/\/grupotiempodigital.com.ar\/wp-content\/uploads\/2021\/01\/5-3-300x225.jpg\" alt=\"\" width=\"300\" height=\"225\" srcset=\"https:\/\/grupotiempodigital.com.ar\/wp-content\/uploads\/2021\/01\/5-3-300x225.jpg 300w, https:\/\/grupotiempodigital.com.ar\/wp-content\/uploads\/2021\/01\/5-3-768x575.jpg 768w, https:\/\/grupotiempodigital.com.ar\/wp-content\/uploads\/2021\/01\/5-3-160x120.jpg 160w, https:\/\/grupotiempodigital.com.ar\/wp-content\/uploads\/2021\/01\/5-3.jpg 960w\" sizes=\"auto, (max-width: 300px) 100vw, 300px\" \/><\/a><a href=\"https:\/\/grupotiempodigital.com.ar\/?attachment_id=29191\" rel=\"attachment wp-att-29191\"><img loading=\"lazy\" decoding=\"async\" class=\"alignleft size-medium wp-image-29191\" src=\"https:\/\/grupotiempodigital.com.ar\/wp-content\/uploads\/2021\/01\/4-3-300x200.jpg\" alt=\"\" width=\"300\" height=\"200\" srcset=\"https:\/\/grupotiempodigital.com.ar\/wp-content\/uploads\/2021\/01\/4-3-300x200.jpg 300w, https:\/\/grupotiempodigital.com.ar\/wp-content\/uploads\/2021\/01\/4-3-768x513.jpg 768w, https:\/\/grupotiempodigital.com.ar\/wp-content\/uploads\/2021\/01\/4-3.jpg 960w\" sizes=\"auto, (max-width: 300px) 100vw, 300px\" \/><\/a><img loading=\"lazy\" decoding=\"async\" class=\"size-medium wp-image-29193 alignnone\" src=\"https:\/\/grupotiempodigital.com.ar\/wp-content\/uploads\/2021\/01\/6-2-300x225.jpg\" alt=\"\" width=\"300\" height=\"225\" srcset=\"https:\/\/grupotiempodigital.com.ar\/wp-content\/uploads\/2021\/01\/6-2-300x225.jpg 300w, https:\/\/grupotiempodigital.com.ar\/wp-content\/uploads\/2021\/01\/6-2-768x575.jpg 768w, https:\/\/grupotiempodigital.com.ar\/wp-content\/uploads\/2021\/01\/6-2-160x120.jpg 160w, https:\/\/grupotiempodigital.com.ar\/wp-content\/uploads\/2021\/01\/6-2.jpg 896w\" sizes=\"auto, (max-width: 300px) 100vw, 300px\" \/><a href=\"https:\/\/grupotiempodigital.com.ar\/?attachment_id=29195\" rel=\"attachment wp-att-29195\"><img loading=\"lazy\" decoding=\"async\" class=\"alignleft size-medium wp-image-29195\" src=\"https:\/\/grupotiempodigital.com.ar\/wp-content\/uploads\/2021\/01\/8-2-300x300.jpg\" alt=\"\" width=\"300\" height=\"300\" srcset=\"https:\/\/grupotiempodigital.com.ar\/wp-content\/uploads\/2021\/01\/8-2-300x300.jpg 300w, https:\/\/grupotiempodigital.com.ar\/wp-content\/uploads\/2021\/01\/8-2-150x150.jpg 150w, https:\/\/grupotiempodigital.com.ar\/wp-content\/uploads\/2021\/01\/8-2-768x768.jpg 768w, https:\/\/grupotiempodigital.com.ar\/wp-content\/uploads\/2021\/01\/8-2.jpg 945w\" sizes=\"auto, (max-width: 300px) 100vw, 300px\" \/><\/a><a href=\"https:\/\/grupotiempodigital.com.ar\/?attachment_id=29190\" rel=\"attachment wp-att-29190\"><img loading=\"lazy\" decoding=\"async\" class=\"size-medium wp-image-29190 alignnone\" src=\"https:\/\/grupotiempodigital.com.ar\/wp-content\/uploads\/2021\/01\/2-4-300x225.jpg\" alt=\"\" width=\"300\" height=\"225\" srcset=\"https:\/\/grupotiempodigital.com.ar\/wp-content\/uploads\/2021\/01\/2-4-300x225.jpg 300w, https:\/\/grupotiempodigital.com.ar\/wp-content\/uploads\/2021\/01\/2-4-768x575.jpg 768w, https:\/\/grupotiempodigital.com.ar\/wp-content\/uploads\/2021\/01\/2-4-160x120.jpg 160w, https:\/\/grupotiempodigital.com.ar\/wp-content\/uploads\/2021\/01\/2-4.jpg 960w\" sizes=\"auto, (max-width: 300px) 100vw, 300px\" \/><\/a><a href=\"https:\/\/grupotiempodigital.com.ar\/?attachment_id=29194\" rel=\"attachment wp-att-29194\"><img loading=\"lazy\" decoding=\"async\" class=\"alignleft size-medium wp-image-29194\" src=\"https:\/\/grupotiempodigital.com.ar\/wp-content\/uploads\/2021\/01\/7-2-300x225.jpg\" alt=\"\" width=\"300\" height=\"225\" srcset=\"https:\/\/grupotiempodigital.com.ar\/wp-content\/uploads\/2021\/01\/7-2-300x225.jpg 300w, https:\/\/grupotiempodigital.com.ar\/wp-content\/uploads\/2021\/01\/7-2-768x575.jpg 768w, https:\/\/grupotiempodigital.com.ar\/wp-content\/uploads\/2021\/01\/7-2-160x120.jpg 160w, https:\/\/grupotiempodigital.com.ar\/wp-content\/uploads\/2021\/01\/7-2.jpg 960w\" sizes=\"auto, (max-width: 300px) 100vw, 300px\" \/><\/a><a href=\"https:\/\/grupotiempodigital.com.ar\/?attachment_id=29189\" rel=\"attachment wp-att-29189\"><img loading=\"lazy\" decoding=\"async\" class=\"alignleft size-medium wp-image-29189\" src=\"https:\/\/grupotiempodigital.com.ar\/wp-content\/uploads\/2021\/01\/1-6-300x300.jpg\" alt=\"\" width=\"300\" height=\"300\" srcset=\"https:\/\/grupotiempodigital.com.ar\/wp-content\/uploads\/2021\/01\/1-6-300x300.jpg 300w, https:\/\/grupotiempodigital.com.ar\/wp-content\/uploads\/2021\/01\/1-6-150x150.jpg 150w, https:\/\/grupotiempodigital.com.ar\/wp-content\/uploads\/2021\/01\/1-6-768x768.jpg 768w, https:\/\/grupotiempodigital.com.ar\/wp-content\/uploads\/2021\/01\/1-6.jpg 945w\" sizes=\"auto, (max-width: 300px) 100vw, 300px\" \/><\/a><\/p>\n","protected":false},"excerpt":{"rendered":"<p>En la jornada del jueves 28 del corriente, el Intendente Municipal Juan Manuel \u00c1lvarez mantuvo encuentros de trabajo en el<\/p>\n","protected":false},"author":3,"featured_media":29188,"comment_status":"open","ping_status":"open","sticky":false,"template":"","format":"standard","meta":{"colormag_page_container_layout":"default_layout","colormag_page_sidebar_layout":"default_layout","footnotes":""},"categories":[1],"tags":[],"class_list":["post-29186","post","type-post","status-publish","format-standard","has-post-thumbnail","hentry","category-actualidad"],"_links":{"self":[{"href":"https:\/\/grupotiempodigital.com.ar\/index.php?rest_route=\/wp\/v2\/posts\/29186","targetHints":{"allow":["GET"]}}],"collection":[{"href":"https:\/\/grupotiempodigital.com.ar\/index.php?rest_route=\/wp\/v2\/posts"}],"about":[{"href":"https:\/\/grupotiempodigital.com.ar\/index.php?rest_route=\/wp\/v2\/types\/post"}],"author":[{"embeddable":true,"href":"https:\/\/grupotiempodigital.com.ar\/index.php?rest_route=\/wp\/v2\/users\/3"}],"replies":[{"embeddable":true,"href":"https:\/\/grupotiempodigital.com.ar\/index.php?rest_route=%2Fwp%2Fv2%2Fcomments&post=29186"}],"version-history":[{"count":2,"href":"https:\/\/grupotiempodigital.com.ar\/index.php?rest_route=\/wp\/v2\/posts\/29186\/revisions"}],"predecessor-version":[{"id":29196,"href":"https:\/\/grupotiempodigital.com.ar\/index.php?rest_route=\/wp\/v2\/posts\/29186\/revisions\/29196"}],"wp:featuredmedia":[{"embeddable":true,"href":"https:\/\/grupotiempodigital.com.ar\/index.php?rest_route=\/wp\/v2\/media\/29188"}],"wp:attachment":[{"href":"https:\/\/grupotiempodigital.com.ar\/index.php?rest_route=%2Fwp%2Fv2%2Fmedia&parent=29186"}],"wp:term":[{"taxonomy":"category","embeddable":true,"href":"https:\/\/grupotiempodigital.com.ar\/index.php?rest_route=%2Fwp%2Fv2%2Fcategories&post=29186"},{"taxonomy":"post_tag","embeddable":true,"href":"https:\/\/grupotiempodigital.com.ar\/index.php?rest_route=%2Fwp%2Fv2%2Ftags&post=29186"}],"curies":[{"name":"wp","href":"https:\/\/api.w.org\/{rel}","templated":true}]}}