{"id":29158,"date":"2021-01-28T15:37:48","date_gmt":"2021-01-28T18:37:48","guid":{"rendered":"http:\/\/grupotiempodigital.com.ar\/?p=29158"},"modified":"2021-01-28T15:37:48","modified_gmt":"2021-01-28T18:37:48","slug":"prorroga-para-la-presentacion-de-declaraciones-juradas-de-ingresos-brutos-para-el-calculo-de-la-tasa-de-seguridad-e-higiene","status":"publish","type":"post","link":"https:\/\/grupotiempodigital.com.ar\/?p=29158","title":{"rendered":"PR\u00d3RROGA PARA LA PRESENTACI\u00d3N DE DECLARACIONES JURADAS DE INGRESOS BRUTOS PARA EL C\u00c1LCULO DE LA TASA DE SEGURIDAD E HIGIENE"},"content":{"rendered":"<p>La Municipalidad de General Paz informa que se prorroga hasta el viernes 5 de febrero del corriente la presentaci\u00f3n de Declaraciones Juradas de Ingresos Brutos para Responsables Inscriptos respecto de la Tasa de Seguridad e Higiene, cuyo formulario se encuentra disponible en nuestro sitio web.<br \/>\nVale remarcar que es s\u00f3lo para aquellos que sean Responsables Inscriptos; quienes sean monotributistas, no deber\u00e1n presentar la Declaraci\u00f3n Jurada ya que ser\u00e1n liquidados seg\u00fan su categor\u00eda vigente en AFIP.<br \/>\nEl formulario contin\u00faa disponible en la web de la Municipalidad o en el siguiente enlace: <a href=\"https:\/\/forms.gle\/FHPUFtrVvQkxh18M8\">https:\/\/forms.gle\/FHPUFtrVvQkxh18M8<\/a><\/p>\n","protected":false},"excerpt":{"rendered":"<p>La Municipalidad de General Paz informa que se prorroga hasta el viernes 5 de febrero del corriente la presentaci\u00f3n de<\/p>\n","protected":false},"author":3,"featured_media":0,"comment_status":"open","ping_status":"open","sticky":false,"template":"","format":"standard","meta":{"colormag_page_container_layout":"default_layout","colormag_page_sidebar_layout":"default_layout","footnotes":""},"categories":[1,44],"tags":[],"class_list":["post-29158","post","type-post","status-publish","format-standard","hentry","category-actualidad","category-general-paz"],"_links":{"self":[{"href":"https:\/\/grupotiempodigital.com.ar\/index.php?rest_route=\/wp\/v2\/posts\/29158","targetHints":{"allow":["GET"]}}],"collection":[{"href":"https:\/\/grupotiempodigital.com.ar\/index.php?rest_route=\/wp\/v2\/posts"}],"about":[{"href":"https:\/\/grupotiempodigital.com.ar\/index.php?rest_route=\/wp\/v2\/types\/post"}],"author":[{"embeddable":true,"href":"https:\/\/grupotiempodigital.com.ar\/index.php?rest_route=\/wp\/v2\/users\/3"}],"replies":[{"embeddable":true,"href":"https:\/\/grupotiempodigital.com.ar\/index.php?rest_route=%2Fwp%2Fv2%2Fcomments&post=29158"}],"version-history":[{"count":2,"href":"https:\/\/grupotiempodigital.com.ar\/index.php?rest_route=\/wp\/v2\/posts\/29158\/revisions"}],"predecessor-version":[{"id":29160,"href":"https:\/\/grupotiempodigital.com.ar\/index.php?rest_route=\/wp\/v2\/posts\/29158\/revisions\/29160"}],"wp:attachment":[{"href":"https:\/\/grupotiempodigital.com.ar\/index.php?rest_route=%2Fwp%2Fv2%2Fmedia&parent=29158"}],"wp:term":[{"taxonomy":"category","embeddable":true,"href":"https:\/\/grupotiempodigital.com.ar\/index.php?rest_route=%2Fwp%2Fv2%2Fcategories&post=29158"},{"taxonomy":"post_tag","embeddable":true,"href":"https:\/\/grupotiempodigital.com.ar\/index.php?rest_route=%2Fwp%2Fv2%2Ftags&post=29158"}],"curies":[{"name":"wp","href":"https:\/\/api.w.org\/{rel}","templated":true}]}}