{"id":29154,"date":"2021-01-28T09:35:05","date_gmt":"2021-01-28T12:35:05","guid":{"rendered":"http:\/\/grupotiempodigital.com.ar\/?p=29154"},"modified":"2021-01-28T15:36:44","modified_gmt":"2021-01-28T18:36:44","slug":"chascomus-informe-de-situacion-epidemiologica-176","status":"publish","type":"post","link":"https:\/\/grupotiempodigital.com.ar\/?p=29154","title":{"rendered":"CHASCOM\u00daS: Informe de Situaci\u00f3n Epidemiol\u00f3gica"},"content":{"rendered":"<p>Se confirm\u00f3 un nuevo fallecimiento y se registraron 13 nuevos casos positivos<\/p>\n<p>Suman 31 los decesos<br \/>\nCoronavirus: Se confirm\u00f3 un nuevo fallecimiento y se registraron 13 nuevos casos positivos<br \/>\nSe inform\u00f3 este mi\u00e9rcoles 27 de enero, desde la Municipalidad, el estado de situaci\u00f3n de la pandemia del Coronavirus en nuestro distrito, donde se confirm\u00f3 un nuevo fallecimiento y se registraron 13 nuevos casos positivos.<br \/>\nPor otra parte se recuperaron 11 pacientes, alcanz\u00e1ndose a un total de 1.416.<br \/>\nEn total suman 1507 los casos confirmados en Chascom\u00fas de los cuales 60 se mantienen activos, y 31 fallecieron.<br \/>\nA su vez son 2004 los casos descartados y hay 39 que aguardan los resultados de los an\u00e1lisis.<\/p>\n","protected":false},"excerpt":{"rendered":"<p>Se confirm\u00f3 un nuevo fallecimiento y se registraron 13 nuevos casos positivos Suman 31 los decesos Coronavirus: Se confirm\u00f3 un<\/p>\n","protected":false},"author":3,"featured_media":29156,"comment_status":"open","ping_status":"open","sticky":false,"template":"","format":"standard","meta":{"colormag_page_container_layout":"default_layout","colormag_page_sidebar_layout":"default_layout","footnotes":""},"categories":[1,45],"tags":[],"class_list":["post-29154","post","type-post","status-publish","format-standard","has-post-thumbnail","hentry","category-actualidad","category-chascomus"],"_links":{"self":[{"href":"https:\/\/grupotiempodigital.com.ar\/index.php?rest_route=\/wp\/v2\/posts\/29154","targetHints":{"allow":["GET"]}}],"collection":[{"href":"https:\/\/grupotiempodigital.com.ar\/index.php?rest_route=\/wp\/v2\/posts"}],"about":[{"href":"https:\/\/grupotiempodigital.com.ar\/index.php?rest_route=\/wp\/v2\/types\/post"}],"author":[{"embeddable":true,"href":"https:\/\/grupotiempodigital.com.ar\/index.php?rest_route=\/wp\/v2\/users\/3"}],"replies":[{"embeddable":true,"href":"https:\/\/grupotiempodigital.com.ar\/index.php?rest_route=%2Fwp%2Fv2%2Fcomments&post=29154"}],"version-history":[{"count":2,"href":"https:\/\/grupotiempodigital.com.ar\/index.php?rest_route=\/wp\/v2\/posts\/29154\/revisions"}],"predecessor-version":[{"id":29157,"href":"https:\/\/grupotiempodigital.com.ar\/index.php?rest_route=\/wp\/v2\/posts\/29154\/revisions\/29157"}],"wp:featuredmedia":[{"embeddable":true,"href":"https:\/\/grupotiempodigital.com.ar\/index.php?rest_route=\/wp\/v2\/media\/29156"}],"wp:attachment":[{"href":"https:\/\/grupotiempodigital.com.ar\/index.php?rest_route=%2Fwp%2Fv2%2Fmedia&parent=29154"}],"wp:term":[{"taxonomy":"category","embeddable":true,"href":"https:\/\/grupotiempodigital.com.ar\/index.php?rest_route=%2Fwp%2Fv2%2Fcategories&post=29154"},{"taxonomy":"post_tag","embeddable":true,"href":"https:\/\/grupotiempodigital.com.ar\/index.php?rest_route=%2Fwp%2Fv2%2Ftags&post=29154"}],"curies":[{"name":"wp","href":"https:\/\/api.w.org\/{rel}","templated":true}]}}