{"id":29131,"date":"2021-01-27T12:07:44","date_gmt":"2021-01-27T15:07:44","guid":{"rendered":"http:\/\/grupotiempodigital.com.ar\/?p=29131"},"modified":"2021-01-27T12:07:44","modified_gmt":"2021-01-27T15:07:44","slug":"calendario-de-eventos-turisticos-del-28-de-enero-al-4-de-febrero-de-2021","status":"publish","type":"post","link":"https:\/\/grupotiempodigital.com.ar\/?p=29131","title":{"rendered":"Calendario de eventos tur\u00edsticos del 28 de enero al 4 de febrero de 2021"},"content":{"rendered":"<p dir=\"ltr\">Los municipios bonaerenses finalizan enero con actividades para disfrutar de la naturaleza, la arquitectura y la historia de la Provincia. Florencio Varela celebrar\u00e1 desde sus redes sociales 130 a\u00f1os de su fundaci\u00f3n, Monte realizar\u00e1 una traves\u00eda nocturna en su laguna y Coronel Dorrego invita a la aventura de conocer el arroyo El Gaucho en 4&#215;4. Adem\u00e1s Luj\u00e1n har\u00e1 una recorrida guiada por su complejo museogr\u00e1fico mientras que Quilmes llevar\u00e1 adelante visitas autoguiadas por diferentes circuitos hist\u00f3ricos de la ciudad.<\/p>\n<p dir=\"ltr\">\n<p dir=\"ltr\" style=\"text-align: center;\"><strong><span style=\"line-height: 28.8px; text-align: center;\">FIESTAS POPULARES<\/span><\/strong><\/p>\n<p dir=\"ltr\"><strong>FLORENCIO VARELA<\/strong><\/p>\n<p dir=\"ltr\">130\u00ba Aniversario de Florencio Varela (virtual)<\/p>\n<p dir=\"ltr\">Fecha y hora: S\u00e1bado 30 de enero, disponible en forma permanente.<br \/>\nDescripci\u00f3n: El municipio invita a los vecinos a participar de los festejos enviando fotos que evoquen lugares y momentos significativos de la ciudad. Adem\u00e1s, los d\u00edas 4 y 5 de febrero de 09:00 a 16:00, se realizar\u00e1 una jornada conmemorativa en la que reconocidos artistas locales presentar\u00e1n sus murales.<\/p>\n<p dir=\"ltr\">Organiza: Municipalidad de Florencio Varela.<br \/>\nPlataforma: <a href=\"http:\/\/www.facebook.com\/varelamunicipio\" target=\"_blank\" rel=\"nofollow noopener noreferrer\">www.facebook.com\/varelamunicipio<\/a> &#8211; <a href=\"http:\/\/www.varela.gob.ar\/\" target=\"_blank\" rel=\"nofollow noopener noreferrer\">www.varela.gob.ar<br \/>\n<\/a>M\u00e1s informaci\u00f3n: Municipalidad de Florencio Varela &#8211; <a href=\"mailto:varelamunicipio@gmail.com\" target=\"_blank\" rel=\"nofollow noopener noreferrer\">varelamunicipio@gmail.com<\/a><\/p>\n<p dir=\"ltr\" style=\"text-align: center;\">\n<strong>EVENTOS CULTURALES<\/strong><\/p>\n<div><strong>SAN NICOL\u00c1S<\/strong><\/div>\n<div>Cultura de Estaci\u00f3n 2021<\/div>\n<div>Fecha y hora: Del viernes 29 al domingo 31 de enero de 20:00 a 00.00. Consultar programaci\u00f3n en <a href=\"http:\/\/www.descubrisannicolas.com.ar\/agenda\/vuelve-cultura-de-estacion\" target=\"_blank\" rel=\"nofollow noopener noreferrer\">www.descubrisannicolas.com.ar\/agenda\/vuelve-cultura-de-estacion<\/a><\/div>\n<div>Descripci\u00f3n: El ciclo de verano se extender\u00e1 hasta fines de febrero en distintas estaciones de la ciudad. Se podr\u00e1 disfrutar de espect\u00e1culos musicales, feria de artesanos, atracciones infantiles y del patio gastron\u00f3mico.<\/div>\n<div>Organiza: Municipalidad de San Nicol\u00e1s de los Arroyos.<\/div>\n<div>Acceso: Gratuito, sin inscripci\u00f3n previa.<\/div>\n<div>Lugar: Distintos espacios f\u00edsicos de San Nicol\u00e1s.<\/div>\n<div>M\u00e1s informaci\u00f3n: <a href=\"http:\/\/www.descubrisannicolas.com.ar\/\" target=\"_blank\" rel=\"nofollow noopener noreferrer\">www.descubrisannicolas.com.ar<\/a> &#8211; <a href=\"http:\/\/www.facebook.com\/events\/419086066073858\" target=\"_blank\" rel=\"nofollow noopener noreferrer\">www.facebook.com\/events\/419086066073858<\/a><\/div>\n<p style=\"text-align: center;\"><a href=\"http:\/\/www.facebook.com\/events\/419086066073858\" target=\"_blank\" rel=\"nofollow noopener noreferrer\"><br \/>\n<\/a><strong>EVENTOS DEPORTIVOS<\/strong><\/p>\n<p dir=\"ltr\"><strong>MONTE<\/strong><br \/>\nTraves\u00eda nocturna<\/p>\n<p dir=\"ltr\">Fecha y hora: S\u00e1bado 30 de enero a las 20:30.<br \/>\nDescripci\u00f3n: Se trata de una traves\u00eda nocturna que se llevar\u00e1 a cabo en la laguna de la ciudad con el acompa\u00f1amiento de lanchas de seguridad. Se suspende por mal tiempo.<br \/>\nOrganiza: Municipalidad de Monte.<br \/>\nAcceso: Gratuito, con inscripci\u00f3n previa en <a href=\"mailto:deportemonte@yahoo.com.ar\" target=\"_blank\" rel=\"nofollow noopener noreferrer\">deportemonte@yahoo.com.ar<\/a>. Cupos limitados.<br \/>\nLugar: Laguna de Monte.<br \/>\nM\u00e1s informaci\u00f3n: Direcci\u00f3n de Deportes y Recreaci\u00f3n de Monte (02271) 405904 &#8211; <a href=\"mailto:deportemonte@yahoo.com.ar\" target=\"_blank\" rel=\"nofollow noopener noreferrer\">deportemonte@yahoo.com.ar<\/a> &#8211; <a href=\"http:\/\/www.facebook.com\/deportesmonte\" target=\"_blank\" rel=\"nofollow noopener noreferrer\">www.facebook.com\/deportesmonte<\/a><\/p>\n<p dir=\"ltr\" style=\"text-align: center;\"><strong>VISITAS GUIADAS<\/strong><\/p>\n<p dir=\"ltr\"><strong>VILLA GESELL<\/strong><\/p>\n<p dir=\"ltr\">Conoc\u00e9 la reserva del faro Querand\u00ed<\/p>\n<p dir=\"ltr\">Fecha y hora: Viernes, s\u00e1bados y domingos a las 16:00.<br \/>\nDescripci\u00f3n: Charla a cargo de guardaparques en el Centro de Interpretaci\u00f3n de la Reserva Municipal Faro Querand\u00ed. Se suspende por lluvia.<br \/>\nOrganiza: Secretar\u00eda de Turismo de la Municipalidad de Villa Gesell.<br \/>\nAcceso: Bono colaboraci\u00f3n $50. Cupos limitados.<br \/>\nLugar: Reserva Mpal. Faro Querand\u00ed, Mar Azul (acceso a partir de la calle 47).<br \/>\nM\u00e1s informaci\u00f3n: Secretar\u00eda de Turismo de Villa Gesell &#8211; (02255) 45-8596<br \/>\n<a href=\"https:\/\/www.gesell.tur.ar\/eventos\" target=\"_blank\" rel=\"nofollow noopener noreferrer\">www.gesell.tur.ar\/eventos<\/a>\u00a0&#8211;\u00a0<a href=\"mailto:turismo@gesell.tur.ar\" target=\"_blank\" rel=\"nofollow noopener noreferrer\">turismo@gesell.tur.ar<\/a><\/p>\n<p dir=\"ltr\" style=\"text-align: left;\"><strong>QUILMES<\/strong><\/p>\n<p dir=\"ltr\"><strong>Visitas autoguiadas<\/strong><\/p>\n<p dir=\"ltr\">Fecha y hora: Disponible en forma permanente.<br \/>\nDescripci\u00f3n: Recorrido por los circuitos ubicados en la manzana hist\u00f3rica (delimitada por la avenida Mitre, Alsina, Sarmiento y Rivadavia), el barrio Villa Argentina, los cines y teatros hist\u00f3ricos, los espacios deportivos y los puntos del distrito vinculados con las invasiones inglesas.<br \/>\nOrganiza: Direcci\u00f3n General de Turismo de la Municipalidad de Quilmes.<br \/>\nAcceso: Gratuito, sin inscripci\u00f3n previa.<br \/>\nPlataforma:<a href=\"https:\/\/www.quilmes.gov.ar\/contenidos\/\" target=\"_blank\" rel=\"nofollow noopener noreferrer\"> www.quilmes.gov.ar\/contenidos<\/a>, secci\u00f3n visitas autoguiadas.<br \/>\nM\u00e1s informaci\u00f3n: Direcci\u00f3n de Turismo de Quilmes &#8211; \u00a0<a href=\"mailto:turismo@quilmes.gov.ar\" target=\"_blank\" rel=\"nofollow noopener noreferrer\">turismo@quilmes.gov.ar<\/a> &#8211;<\/p>\n<p dir=\"ltr\"><strong>LUJ\u00c1N<\/strong><\/p>\n<p dir=\"ltr\">Visita al Complejo Museogr\u00e1fico Provincial Enrique Udaondo<br \/>\nFecha y hora: S\u00e1bados y domingos de 11:00 a 18:00.<br \/>\nDescripci\u00f3n: La propuesta consiste en visitar el Museo Colonial e Hist\u00f3rico, sus galer\u00edas, patios, salones y jardines que lo constituyen en un exponente de la arquitectura colonial. Cupos limitados.<br \/>\nOrganiza: Complejo Museogr\u00e1fico Provincial Enrique Udaondo.<br \/>\nAcceso: Gratuito, con inscripci\u00f3n previa en \u00a0<a href=\"https:\/\/forms.gle\/c9cdnzTrFtXkdxa87?fbclid=IwAR3QKrrsQGtuKAZg_Q1CekxX3mZhEpAENqVEPdK5_wIF9U9cDRg8CSm2Raw\" target=\"_blank\" rel=\"nofollow noopener noreferrer\">https:\/\/forms.gle\/c9cdnzTrFtXkdxa87<\/a>.<br \/>\nLugar: Boleter\u00eda del Museo (Lezica y Torrezuri y Pasaje Furt).<br \/>\nM\u00e1s informaci\u00f3n: Museo Udaondo &#8211; <a href=\"https:\/\/www.google.com\/search?safe=active&amp;rlz=1C1EODB_esAR743AR743&amp;biw=1366&amp;bih=625&amp;ei=HgsQYITGC4C-5OUPwpSrmAg&amp;q=museo+udaondo+Lezica+y+Torrezuri+917+&amp;oq=museo+udaondo+Lezica+y+Torrezuri+917+&amp;gs_lcp=CgZwc3ktYWIQAzoECAAQRzoFCAAQzQI6BwghEAoQoAFQ9b0HWInVB2C52wdoAHABeACAAZwBiAHGBZIBAzAuNpgBAKABAaABAqoBB2d3cy13aXrIAQPAAQE&amp;sclient=psy-ab&amp;ved=0ahUKEwiEzZXtzLnuAhUAH7kGHULKCoMQ4dUDCA0&amp;uact=5\" target=\"_blank\" rel=\"nofollow noopener noreferrer\">02323 442104<\/a> &#8211; <a href=\"http:\/\/www.facebook.com\/museoudaondo\" target=\"_blank\" rel=\"nofollow noopener noreferrer\">www.facebook.com\/museoudaondo<\/a>\u00a0 &#8211; Direcci\u00f3n de Turismo y Cultura de Luj\u00e1n &#8211; (02323) 427082 &#8211; <a href=\"mailto:turismo@lujan.gov.ar\" target=\"_blank\" rel=\"nofollow noopener noreferrer\">turismo@lujan.gov.ar<\/a> &#8211; \u00a0<a href=\"http:\/\/www.facebook.com\/culturasyturismolujan\" target=\"_blank\" rel=\"nofollow noopener noreferrer\">www.facebook.com\/culturasyturismolujan<\/a><\/p>\n<p dir=\"ltr\"><strong>CORONEL DORREGO<\/strong><br \/>\nVisita guiada al arroyo El Gaucho<br \/>\nFecha y hora: Domingo 31 de enero a las 09:30.<br \/>\nDescripci\u00f3n: Visita guiada en 4&#215;4 a la desembocadura del arroyo El gaucho. El itinerario incluir\u00e1 la observaci\u00f3n de flora y fauna y biodiversidad nativa. La actividad estar\u00e1 a cargo de gu\u00edas de turismo y bi\u00f3logos.<br \/>\nOrganiza: Municipalidad de Coronel Dorrego.<br \/>\nAcceso: Con inscripci\u00f3n previa en oficina de Turismo de Cnel. Dorrego, 02921- 405805. Oficina de Turismo en balneario Marisol, 02983-495927. WHATSAPP 2921-401222.<br \/>\nLugar: Turismo Cnel. Dorrego, 9 de Julio y Av. Santagada.<br \/>\nM\u00e1s informaci\u00f3n: <a href=\"http:\/\/www.facebook.com\/DorregoTurismo02\" target=\"_blank\" rel=\"nofollow noopener noreferrer\">www.facebook.com\/DorregoTurismo02<br \/>\n<\/a><strong>OLAVARR\u00cdA<\/strong><br \/>\nVisita guiada al Museo Emiliozzi<br \/>\nFecha y hora: Jueves y viernes de 09:00 a 12:00; s\u00e1bados y domingos de 18:00a 21:00.<br \/>\nDescripci\u00f3n: Recorrida por el museo que homenajea a pilotos destacados del Turismo Carretera como los hermanos Dante y Torcuato\u00a0Emiliozzi.<br \/>\nOrganiza: Museo Municipal Hermanos Emiliozzi.<br \/>\nAcceso: Gratuito, con inscripci\u00f3n previa en <a href=\"mailto:museohnosemiliozzi@olavarria.gov.ar\" target=\"_blank\" rel=\"nofollow noopener noreferrer\">museohnosemiliozzi@olavarria.gov.ar<\/a>. Cupo limitado.<br \/>\nLugar: Museo Hermanos Emiliozzi, Necochea n\u00ba 3229.<br \/>\nM\u00e1s informaci\u00f3n: <a href=\"http:\/\/www.facebook.com\/museomunicipalhnosemiliozzi\" target=\"_blank\" rel=\"nofollow noopener noreferrer\">www.facebook.com\/museomunicipalhnosemiliozzi<\/a><\/p>\n<p dir=\"ltr\"><strong>LOBOS<\/strong><br \/>\nVisita al casco hist\u00f3rico, astroturismo y avistaje de aves<br \/>\nFecha y hora: S\u00e1bado 30 y domingo 31 de enero.<br \/>\nDescripci\u00f3n: Las actividades comenzar\u00e1n este s\u00e1bado a las 17:30 con una visita por el casco hist\u00f3rico de la ciudad que partir\u00e1 del Teatro Cine Italiano. A las 20:00 se har\u00e1 un encuentro de astroturismo y el domingo 31, las 09:<a href=\"http:\/\/00.se\/\" target=\"_blank\" rel=\"nofollow noopener noreferrer\">00.se<\/a> har\u00e1 un avistaje de aves en la laguna.<br \/>\nOrganiza: Direcci\u00f3n de Turismo de la Municipalidad de Lobos.<br \/>\nAcceso: Gratuito, con inscripci\u00f3n previa. Cupos limitados.<br \/>\nLugar: Punto de encuentro: Costanera Municipal de la Laguna de Lobos (para astroturismo y avistaje).<br \/>\nM\u00e1s informaci\u00f3n: Direcci\u00f3n de Turismo de Lobos &#8211; (02227) 422275 &#8211; <a href=\"mailto:turismo@lobos.gov.ar\" target=\"_blank\" rel=\"nofollow noopener noreferrer\">turismo@lobos.gov.ar<\/a> &#8211; <a href=\"http:\/\/www.facebook.com\/lobos.turismo\" target=\"_blank\" rel=\"nofollow noopener noreferrer\">www.facebook.com\/lobos.turismo<\/a> &#8211;<br \/>\n<a href=\"https:\/\/www.instagram.com\/turismolobos?fbclid=IwAR1JLZGTJEXkzHS_5FZyUztpM6_Qj9YzpgsirvXucmc-MIgCxMQOJLuIAAc\" target=\"_blank\" rel=\"nofollow noopener noreferrer\">www.instagram.com\/turismolobos<\/a><\/p>\n<p dir=\"ltr\">\nTodas las actividades presenciales se desarrollan bajo los protocolos establecidos por el Ministerio de Salud de la Naci\u00f3n. Adem\u00e1s, se sugiere a los asistentes cumplir con los cuidados b\u00e1sicos que consisten en la frecuente higienizaci\u00f3n de manos, el uso permanente de tapaboca-nariz y el respeto de la distancia social.<\/p>\n<p dir=\"ltr\">En caso de viajar con fines tur\u00edsticos por la Provincia, recuerden tramitar el Certificado Verano a trav\u00e9s de la app CuidAR o en el sitio web\u00a0<a href=\"http:\/\/www.argentina.gob.ar\/verano\" target=\"_blank\" rel=\"nofollow noopener noreferrer\">www.argentina.gob.ar\/verano<\/a><\/p>\n<p dir=\"ltr\">Pod\u00e9s encontrar el calendario completo de eventos y actividades en nuestra p\u00e1gina web:\u00a0<a href=\"https:\/\/buenosaires.tur.ar\/eventos\" target=\"_blank\" rel=\"nofollow noopener noreferrer\">https:\/\/buenosaires.tur.ar\/eventos<\/a><\/p>\n","protected":false},"excerpt":{"rendered":"<p>Los municipios bonaerenses finalizan enero con actividades para disfrutar de la naturaleza, la arquitectura y la historia de la Provincia.<\/p>\n","protected":false},"author":3,"featured_media":25354,"comment_status":"open","ping_status":"open","sticky":false,"template":"","format":"standard","meta":{"colormag_page_container_layout":"default_layout","colormag_page_sidebar_layout":"default_layout","footnotes":""},"categories":[1],"tags":[],"class_list":["post-29131","post","type-post","status-publish","format-standard","has-post-thumbnail","hentry","category-actualidad"],"_links":{"self":[{"href":"https:\/\/grupotiempodigital.com.ar\/index.php?rest_route=\/wp\/v2\/posts\/29131","targetHints":{"allow":["GET"]}}],"collection":[{"href":"https:\/\/grupotiempodigital.com.ar\/index.php?rest_route=\/wp\/v2\/posts"}],"about":[{"href":"https:\/\/grupotiempodigital.com.ar\/index.php?rest_route=\/wp\/v2\/types\/post"}],"author":[{"embeddable":true,"href":"https:\/\/grupotiempodigital.com.ar\/index.php?rest_route=\/wp\/v2\/users\/3"}],"replies":[{"embeddable":true,"href":"https:\/\/grupotiempodigital.com.ar\/index.php?rest_route=%2Fwp%2Fv2%2Fcomments&post=29131"}],"version-history":[{"count":2,"href":"https:\/\/grupotiempodigital.com.ar\/index.php?rest_route=\/wp\/v2\/posts\/29131\/revisions"}],"predecessor-version":[{"id":29133,"href":"https:\/\/grupotiempodigital.com.ar\/index.php?rest_route=\/wp\/v2\/posts\/29131\/revisions\/29133"}],"wp:featuredmedia":[{"embeddable":true,"href":"https:\/\/grupotiempodigital.com.ar\/index.php?rest_route=\/wp\/v2\/media\/25354"}],"wp:attachment":[{"href":"https:\/\/grupotiempodigital.com.ar\/index.php?rest_route=%2Fwp%2Fv2%2Fmedia&parent=29131"}],"wp:term":[{"taxonomy":"category","embeddable":true,"href":"https:\/\/grupotiempodigital.com.ar\/index.php?rest_route=%2Fwp%2Fv2%2Fcategories&post=29131"},{"taxonomy":"post_tag","embeddable":true,"href":"https:\/\/grupotiempodigital.com.ar\/index.php?rest_route=%2Fwp%2Fv2%2Ftags&post=29131"}],"curies":[{"name":"wp","href":"https:\/\/api.w.org\/{rel}","templated":true}]}}