{"id":29127,"date":"2021-01-27T08:53:27","date_gmt":"2021-01-27T11:53:27","guid":{"rendered":"http:\/\/grupotiempodigital.com.ar\/?p=29127"},"modified":"2021-01-27T08:53:27","modified_gmt":"2021-01-27T11:53:27","slug":"chascomus-informe-de-situacion-epidemiologica-175","status":"publish","type":"post","link":"https:\/\/grupotiempodigital.com.ar\/?p=29127","title":{"rendered":"CHASCOM\u00daS: Informe de Situaci\u00f3n Epidemiologica"},"content":{"rendered":"<p style=\"text-align: center;\"><strong>Covid-19: Se registraron 4 casos positivos en Chascom\u00fas<\/strong><\/p>\n<p>Se inform\u00f3 este martes desde la Municipalidad al momento de esta publicaci\u00f3n, el estado de situaci\u00f3n de la pandemia del Coronavirus en nuestro distrito, donde se registraron 4 casos positivos.<br \/>\nEn tanto que se recuperaron 3 pacientes, alcanz\u00e1ndose a un total de 1.405.<br \/>\nEn total suman 1494 los casos confirmados en Chascom\u00fas de los cuales 59 se mantienen activos, y 30 fallecieron.<br \/>\nA su vez son 1.991 los casos descartados.<br \/>\nPor su parte, hay 49 casos que aguardan los resultados de los an\u00e1lisis.<\/p>\n","protected":false},"excerpt":{"rendered":"<p>Covid-19: Se registraron 4 casos positivos en Chascom\u00fas Se inform\u00f3 este martes desde la Municipalidad al momento de esta publicaci\u00f3n,<\/p>\n","protected":false},"author":3,"featured_media":29129,"comment_status":"open","ping_status":"open","sticky":false,"template":"","format":"standard","meta":{"colormag_page_container_layout":"default_layout","colormag_page_sidebar_layout":"default_layout","footnotes":""},"categories":[1,45,38],"tags":[],"class_list":["post-29127","post","type-post","status-publish","format-standard","has-post-thumbnail","hentry","category-actualidad","category-chascomus","category-destacadas"],"_links":{"self":[{"href":"https:\/\/grupotiempodigital.com.ar\/index.php?rest_route=\/wp\/v2\/posts\/29127","targetHints":{"allow":["GET"]}}],"collection":[{"href":"https:\/\/grupotiempodigital.com.ar\/index.php?rest_route=\/wp\/v2\/posts"}],"about":[{"href":"https:\/\/grupotiempodigital.com.ar\/index.php?rest_route=\/wp\/v2\/types\/post"}],"author":[{"embeddable":true,"href":"https:\/\/grupotiempodigital.com.ar\/index.php?rest_route=\/wp\/v2\/users\/3"}],"replies":[{"embeddable":true,"href":"https:\/\/grupotiempodigital.com.ar\/index.php?rest_route=%2Fwp%2Fv2%2Fcomments&post=29127"}],"version-history":[{"count":2,"href":"https:\/\/grupotiempodigital.com.ar\/index.php?rest_route=\/wp\/v2\/posts\/29127\/revisions"}],"predecessor-version":[{"id":29130,"href":"https:\/\/grupotiempodigital.com.ar\/index.php?rest_route=\/wp\/v2\/posts\/29127\/revisions\/29130"}],"wp:featuredmedia":[{"embeddable":true,"href":"https:\/\/grupotiempodigital.com.ar\/index.php?rest_route=\/wp\/v2\/media\/29129"}],"wp:attachment":[{"href":"https:\/\/grupotiempodigital.com.ar\/index.php?rest_route=%2Fwp%2Fv2%2Fmedia&parent=29127"}],"wp:term":[{"taxonomy":"category","embeddable":true,"href":"https:\/\/grupotiempodigital.com.ar\/index.php?rest_route=%2Fwp%2Fv2%2Fcategories&post=29127"},{"taxonomy":"post_tag","embeddable":true,"href":"https:\/\/grupotiempodigital.com.ar\/index.php?rest_route=%2Fwp%2Fv2%2Ftags&post=29127"}],"curies":[{"name":"wp","href":"https:\/\/api.w.org\/{rel}","templated":true}]}}