{"id":29101,"date":"2021-01-25T20:13:22","date_gmt":"2021-01-25T23:13:22","guid":{"rendered":"http:\/\/grupotiempodigital.com.ar\/?p=29101"},"modified":"2021-01-25T20:13:22","modified_gmt":"2021-01-25T23:13:22","slug":"comunicado-del-comite-de-prevencion-seguimiento-y-tratamiento-de-coronavirus-175","status":"publish","type":"post","link":"https:\/\/grupotiempodigital.com.ar\/?p=29101","title":{"rendered":"COMUNICADO DEL COMIT\u00c9 DE PREVENCI\u00d3N, SEGUIMIENTO Y TRATAMIENTO DE CORONAVIRUS"},"content":{"rendered":"<p>2 (DOS) POSITIVOS<\/p>\n<p>El Director del Comit\u00e9 de Prevenci\u00f3n, Seguimiento y Tratamiento de Coronavirus, Dr. Santiago Dos Santos, comunica que:<\/p>\n<p>\u2022 En las \u00faltimas horas, se registraron 2 (dos) nuevos casos POSITIVOS de Covid-19.<br \/>\n\u2022 2 (dos) pacientes de 25 a\u00f1os de edad. Criterio cl\u00ednico epidemiol\u00f3gico.<\/p>\n<p>\u2022 Se registran 10 (diez) casos en control evolutivo.<br \/>\n\u2022 Se encuentran 5 (cinco) casos en estudio.<br \/>\n\u2022 57 (cincuenta y siete) vecinos son controlados en aislamiento.<\/p>\n<p>\u2022 El comit\u00e9 insiste particularmente en el cumplimiento de:<br \/>\n\u2022 Uso obligatorio de tapabocas.<br \/>\n\u2022 No compartir el mate.<br \/>\n\u2022 Mantener el distanciamiento social.<br \/>\n\u2022 Evitar salir de sus domicilios si no es por razones de fuerza mayor.<br \/>\n\u2022 En este momento, m\u00e1s que nunca, apelamos a la conducta y responsabilidad individual y social.<br \/>\nRECUERDE:\u202fQUE ANTE CUALQUIER SINTOMA DE; FIEBRE DE 37,5 C, TOS, DOLOR DE GARGANTA, DIFICULTAD RESPIRATORIA, DOLOR MUSCULAR, CEFALEA, DIARREA Y\/O V\u00d3MITOS, SI TENES SOLO P\u00c9RDIDA BRUSCA DE GUSTO u OLFATO. DEBES COMUNICARTE CON EL 475511.<\/p>\n<p>PREVENIR ES CUIDARNOS ENTRE TODOS.<\/p>\n","protected":false},"excerpt":{"rendered":"<p>2 (DOS) POSITIVOS El Director del Comit\u00e9 de Prevenci\u00f3n, Seguimiento y Tratamiento de Coronavirus, Dr. Santiago Dos Santos, comunica que:<\/p>\n","protected":false},"author":3,"featured_media":29103,"comment_status":"open","ping_status":"open","sticky":false,"template":"","format":"standard","meta":{"colormag_page_container_layout":"default_layout","colormag_page_sidebar_layout":"default_layout","footnotes":""},"categories":[1,38,44],"tags":[],"class_list":["post-29101","post","type-post","status-publish","format-standard","has-post-thumbnail","hentry","category-actualidad","category-destacadas","category-general-paz"],"_links":{"self":[{"href":"https:\/\/grupotiempodigital.com.ar\/index.php?rest_route=\/wp\/v2\/posts\/29101","targetHints":{"allow":["GET"]}}],"collection":[{"href":"https:\/\/grupotiempodigital.com.ar\/index.php?rest_route=\/wp\/v2\/posts"}],"about":[{"href":"https:\/\/grupotiempodigital.com.ar\/index.php?rest_route=\/wp\/v2\/types\/post"}],"author":[{"embeddable":true,"href":"https:\/\/grupotiempodigital.com.ar\/index.php?rest_route=\/wp\/v2\/users\/3"}],"replies":[{"embeddable":true,"href":"https:\/\/grupotiempodigital.com.ar\/index.php?rest_route=%2Fwp%2Fv2%2Fcomments&post=29101"}],"version-history":[{"count":3,"href":"https:\/\/grupotiempodigital.com.ar\/index.php?rest_route=\/wp\/v2\/posts\/29101\/revisions"}],"predecessor-version":[{"id":29105,"href":"https:\/\/grupotiempodigital.com.ar\/index.php?rest_route=\/wp\/v2\/posts\/29101\/revisions\/29105"}],"wp:featuredmedia":[{"embeddable":true,"href":"https:\/\/grupotiempodigital.com.ar\/index.php?rest_route=\/wp\/v2\/media\/29103"}],"wp:attachment":[{"href":"https:\/\/grupotiempodigital.com.ar\/index.php?rest_route=%2Fwp%2Fv2%2Fmedia&parent=29101"}],"wp:term":[{"taxonomy":"category","embeddable":true,"href":"https:\/\/grupotiempodigital.com.ar\/index.php?rest_route=%2Fwp%2Fv2%2Fcategories&post=29101"},{"taxonomy":"post_tag","embeddable":true,"href":"https:\/\/grupotiempodigital.com.ar\/index.php?rest_route=%2Fwp%2Fv2%2Ftags&post=29101"}],"curies":[{"name":"wp","href":"https:\/\/api.w.org\/{rel}","templated":true}]}}